{"id":9230,"date":"2018-05-02T08:00:09","date_gmt":"2018-05-02T08:00:09","guid":{"rendered":"http:\/\/www.iceagetv.com\/radiosite\/?p=9230"},"modified":"2018-05-02T08:00:09","modified_gmt":"2018-05-02T08:00:09","slug":"manifestation-du-1er-mai-a-paris-apres-les-violences-la-polemique-autour-du-dispositif-policier","status":"publish","type":"post","link":"https:\/\/www.iceagetv.com\/radiosite\/manifestation-du-1er-mai-a-paris-apres-les-violences-la-polemique-autour-du-dispositif-policier\/","title":{"rendered":"Manifestation du 1er-Mai \u00e0 Paris : apr\u00e8s les violences, la pol\u00e9mique autour du dispositif policier"},"content":{"rendered":"<p>\n\tAurait-on pu &eacute;viter&nbsp;les violences et les d&eacute;gradations en marge du d&eacute;fil&eacute; parisien&nbsp;? &nbsp;Rassembl&eacute;s autour de banderoles comme &quot;Premiers de cord&eacute;e, premiers guillotin&eacute;s&quot; ou &quot;Cette fois, on s&#39;est organis&eacute;&quot;,&nbsp;1.200 &quot;black blocs&quot; ont scand&eacute; des slogans hostiles&nbsp;au gouvernement et &agrave; la presse avant de&nbsp;saccager un restaurant Mc Donald&#39;s. Des objets incendiaires ont &eacute;t&eacute; lanc&eacute;s et il y a eu de brefs d&eacute;parts de feu. Au total, 31 commerces ont &eacute;t&eacute; d&eacute;grad&eacute;s, six v&eacute;hicules incendi&eacute;s. Au total,&nbsp;283 personnes ont &eacute;t&eacute; arr&ecirc;t&eacute;es, et&nbsp;109 ont &eacute;t&eacute; plac&eacute;es en garde &agrave; vue.\n<\/p>\n<p>\n\tL&#39;opposition demande des comptes\n<\/p>\n<p>\n\t&Agrave; gauche comme &agrave; droite, la classe politique d&eacute;nonce la casse et&nbsp;la mauvaise gestion des autorit&eacute;s.&nbsp;&quot;Laxisme du pouvoir&quot;&nbsp;pour la Pr&eacute;sidente du Front National Marine Le Pen, tandis que Laurent Wauquiez parle de&nbsp;&quot;faillite de l&#39;Etat r&eacute;galien&quot;. Des violences&nbsp;&quot;doublement condamnables&quot;&nbsp;pour le Premier Secr&eacute;taire du Parti Socialiste Olivier Faure. Jean-Luc M&eacute;lenchon consid&egrave;re qu&#39;elles sont&nbsp;&quot;sans doute&quot;&nbsp;l&#39;oeuvre&nbsp;&quot;des bandes d&#39;extr&ecirc;me-droite&quot;.&nbsp;&nbsp;\n<\/p>\n<p>\n\tPol&eacute;mique sur le dispositif policier\n<\/p>\n<p>\n\t22 compagnies de CRS&nbsp;ont &eacute;t&eacute; mobilis&eacute;es pour disperser ces&nbsp;&quot;black blocs&quot;&nbsp;avec des grenades lacrymog&egrave;nes et des canons &agrave; eau. Pour l&#39;Unsa police, il y a eu&nbsp;&quot;des failles&quot;&nbsp;dans la gestion de la manifestation. Dans un communiqu&eacute;, le syndicat&nbsp;d&eacute;plore qu&#39;aucune&nbsp;&quot;interpellation en amont&quot;n&#39;ait eu lieu. Car la Pr&eacute;fecture de police de Paris &eacute;tait pr&eacute;venue&nbsp;: d&egrave;s le lundi 30 avril,&nbsp;elle pr&eacute;voyait la pr&eacute;sence de 400 &agrave; 800 personnes radicalis&eacute;es, des &quot;black blocs&quot;, radicaux de l&#39;ultra-gauche. Hors, ils &eacute;taient 1.200 dans le cort&egrave;ge. La Pr&eacute;fecture de police avait-elle sous-estim&eacute; leur nombre&nbsp;?\n<\/p>\n<p>\n\tG&eacute;rard Collomb dit avoir voulu &eacute;viter &quot;des bless&eacute;s voire des morts&quot;&nbsp;\n<\/p>\n<p>\n\tCertains politiques se demandent si la Pr&eacute;fecture de police avait&nbsp;assez anticip&eacute; et r&eacute;agi rapidement.&nbsp;&quot;Les Black blocs, oui, on les a vu&quot;, a r&eacute;agi le Pr&eacute;fet de police Michel Delpuech.&nbsp;&quot;Ils &eacute;taient compl&egrave;tement int&eacute;gr&eacute;s &agrave; cet autre cort&egrave;ge de 14.500 personnes. Quand les exactions ont commenc&eacute;, il y avait environ au moins un millier de personnes entre les auteurs de ces violences inqualifiables et notre dispositif de forces de l&#39;ordre&quot;.&nbsp;Le ministre de l&#39;Int&eacute;rieur, G&eacute;rard Collomb, a ajout&eacute;&nbsp;:&nbsp;&quot;Nous voulions &eacute;viter &agrave; la fois parmi les manifestants, mais aussi parmi les forces de l&#39;ordre, qu&#39;il y ait des bless&eacute;s voire des morts&quot;.&nbsp;\n<\/p>\n<p>\n\tOn ne pouvait intervenir sans craindre des dommages collat&eacute;raux &nbsp;&nbsp;&nbsp;&nbsp;&nbsp;&nbsp;&nbsp;&nbsp;&nbsp;&nbsp;&nbsp;&nbsp;&nbsp;&nbsp;&nbsp;&nbsp;&nbsp;&nbsp;&nbsp;&nbsp;&nbsp;<br \/>\n\t&mdash; Michel Delpuech\n<\/p>\n<p>\n\tLe Premier ministre &Eacute;douard Philippe a r&eacute;agi mardi soir depuis le commissariat du XIIIe arrondissement de Paris, souhaitant&nbsp;couper court &agrave; toute pol&eacute;mique&nbsp;:&nbsp;&quot;Soit on bouge trop vite, soit on ne bouge pas assez vite. Soit il y a trop de monde, soit il n&#39;y a pas assez de monde. Il y a toujours des pol&eacute;miques, mais ce que je constate, c&#39;est qu&#39;il n&#39;y a pas de bless&eacute;s. Il y a plus d&#39;une centaine de personnes qui devraient passer un peu de temps en garde &agrave; vue, c&#39;est tr&egrave;s bien.&quot;\n<\/p>\n<p>\n\tLe gouvernement promet &quot;encore plus de forces de l&#39;ordre&quot; pour les prochaines manifs&nbsp;\n<\/p>\n<p>\n\tLe ministre de l&#39;Int&eacute;rieur G&eacute;rard Collomb a promis mercredi &quot;encore plus de forces de l&#39;ordre&quot; lors des prochaines manifestations.&nbsp;&quot;On va s&#39;adapter. Pour les prochaines manifestations, il y aura encore plus de forces de l&#39;ordre avec la volont&eacute; cette fois-ci de s&eacute;parer totalement les manifestants de ceux qui veulent casser&quot;, a d&eacute;clar&eacute; le ministre de l&#39;Int&eacute;rieur sur France 2.<\/p>\n","protected":false},"excerpt":{"rendered":"<p>Aurait-on pu &eacute;viter&nbsp;les violences et les d&eacute;gradations en marge du d&eacute;fil&eacute; parisien&nbsp;? &nbsp;Rassembl&eacute;s autour de banderoles comme &quot;Premiers de cord&eacute;e, premiers guillotin&eacute;s&quot; ou &quot;Cette fois, on s&#39;est organis&eacute;&quot;,&nbsp;1.200 &quot;black blocs&quot; ont scand&eacute; des slogans hostiles&nbsp;au gouvernement et &agrave; la presse avant de&nbsp;saccager un restaurant Mc Donald&#39;s. Des objets incendiaires ont &eacute;t&eacute; lanc&eacute;s et il y [&hellip;]<\/p>\n","protected":false},"author":2,"featured_media":9231,"comment_status":"open","ping_status":"open","sticky":false,"template":"","format":"standard","meta":{"_jetpack_memberships_contains_paid_content":false,"footnotes":"","jetpack_publicize_message":"","jetpack_publicize_feature_enabled":true,"jetpack_social_post_already_shared":true,"jetpack_social_options":{"image_generator_settings":{"template":"highway","default_image_id":0,"font":"","enabled":false},"version":2},"_wpas_customize_per_network":false},"categories":[405],"tags":[2294],"class_list":["post-9230","post","type-post","status-publish","format-standard","has-post-thumbnail","hentry","category-actu-france-monde","tag-manifestation-du-1er-mai-a-paris"],"jetpack_publicize_connections":[],"jetpack_featured_media_url":"https:\/\/i0.wp.com\/www.iceagetv.com\/radiosite\/wp-content\/uploads\/2018\/05\/Manifestation-du-1er-Mai-%C3%A0-Paris.jpg?fit=870%2C489&ssl=1","jetpack_sharing_enabled":true,"_links":{"self":[{"href":"https:\/\/www.iceagetv.com\/radiosite\/wp-json\/wp\/v2\/posts\/9230","targetHints":{"allow":["GET"]}}],"collection":[{"href":"https:\/\/www.iceagetv.com\/radiosite\/wp-json\/wp\/v2\/posts"}],"about":[{"href":"https:\/\/www.iceagetv.com\/radiosite\/wp-json\/wp\/v2\/types\/post"}],"author":[{"embeddable":true,"href":"https:\/\/www.iceagetv.com\/radiosite\/wp-json\/wp\/v2\/users\/2"}],"replies":[{"embeddable":true,"href":"https:\/\/www.iceagetv.com\/radiosite\/wp-json\/wp\/v2\/comments?post=9230"}],"version-history":[{"count":1,"href":"https:\/\/www.iceagetv.com\/radiosite\/wp-json\/wp\/v2\/posts\/9230\/revisions"}],"predecessor-version":[{"id":9232,"href":"https:\/\/www.iceagetv.com\/radiosite\/wp-json\/wp\/v2\/posts\/9230\/revisions\/9232"}],"wp:featuredmedia":[{"embeddable":true,"href":"https:\/\/www.iceagetv.com\/radiosite\/wp-json\/wp\/v2\/media\/9231"}],"wp:attachment":[{"href":"https:\/\/www.iceagetv.com\/radiosite\/wp-json\/wp\/v2\/media?parent=9230"}],"wp:term":[{"taxonomy":"category","embeddable":true,"href":"https:\/\/www.iceagetv.com\/radiosite\/wp-json\/wp\/v2\/categories?post=9230"},{"taxonomy":"post_tag","embeddable":true,"href":"https:\/\/www.iceagetv.com\/radiosite\/wp-json\/wp\/v2\/tags?post=9230"}],"curies":[{"name":"wp","href":"https:\/\/api.w.org\/{rel}","templated":true}]}}