{"id":9245,"date":"2018-05-04T07:47:39","date_gmt":"2018-05-04T07:47:39","guid":{"rendered":"http:\/\/www.iceagetv.com\/radiosite\/?p=9245"},"modified":"2018-05-04T07:47:39","modified_gmt":"2018-05-04T07:47:39","slug":"jour-du-depassement-la-france-vivra-ecologiquement-a-credit-a-partir-de-ce-samedi","status":"publish","type":"post","link":"https:\/\/www.iceagetv.com\/radiosite\/jour-du-depassement-la-france-vivra-ecologiquement-a-credit-a-partir-de-ce-samedi\/","title":{"rendered":"Jour du d\u00e9passement: La France vivra \u00e9cologiquement \u00e0 cr\u00e9dit \u00e0 partir de ce samedi"},"content":{"rendered":"<p>\n\tChaque ann&eacute;e, Global Footprint Network calcule le jour du d&eacute;passement mondial date &agrave; laquelle l&rsquo;humanit&eacute; a consomm&eacute; l&rsquo;ensemble des ressources naturelles que la plan&egrave;te peut renouveler en un an. L&rsquo;an dernier, c&rsquo;&eacute;tait le 2&nbsp;ao&ucirc;t.\n<\/p>\n<p>\n\tMais le think tank d&eacute;cline aussi l&rsquo;op&eacute;ration pour plus de 200 pays et territoires. Et pour la France, ce jour du&nbsp;d&eacute;passement tombe ce samedi&nbsp;5 mais, soit trois mois avant le jour mondial plan&eacute;taire.\n<\/p>\n<p>\n\tNon seulement la France fait chuter la moyenne, mais depuis 2015, son empreinte &eacute;cologique est repartie &agrave; la hausse en raison notamment de la baisse du prix du p&eacute;trole qui dope la consommation de carburant.\n<\/p>\n<p>\n\tCe samedi, la France entrera en d&eacute;ficit &eacute;cologique. Dit autrement, si le monde entier vivait comme les Fran&ccedil;ais, alors ce samedi 5&nbsp;mai, nous aurions d&eacute;j&agrave; consomm&eacute; l&rsquo;ensemble des ressources naturelles que la plan&egrave;te peut renouveler en un an. C&rsquo;est bien simple, il faudrait 2,9 terres si toute l&rsquo;humanit&eacute; vivait comme les Fran&ccedil;ais. Et si on s&rsquo;int&eacute;resse strictement au territoire fran&ccedil;ais, nous demandons 1,8 fois plus &agrave; la nature que ce que les &eacute;cosyst&egrave;mes de nos zones terrestres et marines&nbsp;sont en mesure de nous fournir.\n<\/p>\n<p>\n\tTrois mois avant le jour du d&eacute;passement mondial\n<\/p>\n<p>\n\tChaque ann&eacute;e, le think-tank&nbsp;Global Foot Print Network&nbsp;calcule cette date pour plus de 200 pays et territoire et communique g&eacute;n&eacute;ralement sur le&nbsp;&laquo;&nbsp;Jour du d&eacute;passement mondial&nbsp;&raquo;, journ&eacute;e &agrave; partir de laquelle l&rsquo;humanit&eacute; vit &agrave; cr&eacute;dit sur Terre.&nbsp;C&rsquo;&eacute;tait le 2 ao&ucirc;t l&rsquo;an dernier, fin septembre en 1997, le 5&nbsp;novembre en 1985&hellip; Et pour rappel, avant 1970, la balance biocapacit&eacute; de la plan&egrave;te versus empreinte &eacute;cologique de l&rsquo;humanit&eacute; &eacute;tait chaque ann&eacute;e exc&eacute;dentaire.\n<\/p>\n<p>\n\tLa France, qui entre donc en d&eacute;ficit &eacute;cologique trois mois avant le Jour du d&eacute;passement plan&eacute;taire, contribue &agrave; faire chuter la moyenne et faire que cette date intervient chaque ann&eacute;e plus t&ocirc;t dans le calendrier. Cela fait tache pour un pays qui a pouss&eacute; &agrave; la signature de l&rsquo;Accord de Paris sur le climat&nbsp;et qui pr&eacute;tend&nbsp;au leadership en mati&egrave;re de lutte contre le changement climatique. Ce que ne manque pas de pointer&nbsp;WWF France, partenaire de Global Footprint Network, qui choisit cette ann&eacute;e de mettre l&rsquo;accent sur cet autre d&eacute;ficit de la France.L&rsquo;ONG veut envoyer un signal fort &agrave; un moment politique clef o&ugrave; plusieurs lois et d&eacute;cisions sont attendues sur l&rsquo;alimentation, les mobilit&eacute;s, l&rsquo;&eacute;nergie ou la biodiversit&eacute; ou encore la lutte contre la d&eacute;forestation import&eacute;e&nbsp;&raquo;, pr&eacute;cise-t-elle. Autant de domaines par lesquels, en se montrant suffisamment ambitieux, la France pourrait r&eacute;duire son empreinte &eacute;cologique.\n<\/p>\n<p>\n\tPas le bonnet d&rsquo;&acirc;ne mais pas glorieux pour autant\n<\/p>\n<p>\n\tCertes, des pays font bien pire que nous. Au Qatar, le jour du d&eacute;passement tombe ainsi le 9&nbsp;f&eacute;vrier. Aux &Eacute;tats-Unis le 14&nbsp;mars et au Canada quelques jours apr&egrave;s, le 17. Nous faisons mieux aussi que la Su&egrave;de (3&nbsp;avril), la Russie (20&nbsp;avril)&hellip; Mais la France reste malgr&eacute; tout dans le peloton de t&ecirc;te des pays europ&eacute;ens d&eacute;ficitaires le plus t&ocirc;t dans l&rsquo;ann&eacute;e aux c&ocirc;t&eacute;s de l&rsquo;Allemagne (1er&nbsp;mai), du Royaume-Uni (7&nbsp;mai). L&rsquo;Espagne (10&nbsp;juin) et le Portugal (15&nbsp;juin) font bien mieux. Et que dire de la Colombie (16&nbsp;novembre), du Maroc (16&nbsp;d&eacute;cembre) ou du Vietnam (20&nbsp;d&eacute;cembre).Plus d&eacute;rangeant, l&rsquo;empreinte &eacute;cologique&nbsp;de la France est sur une mauvaise pente, pointent WWF et Global Footprint Network. Six cat&eacute;gories de demandes sont prises en compte pour ce calcul.\n<\/p>\n<p>\n\tL&rsquo;empreinte cultures d&eacute;signe la demande en terre n&eacute;cessaire &agrave; la production de l&rsquo;alimentation et des fibres destin&eacute;es &agrave; la consommation humaine, des aliments pour animaux&nbsp;etc.\n<\/p>\n<p>\n\tL&rsquo;empreinte p&acirc;turage d&eacute;signe la demande en prairies n&eacute;cessaires &agrave; l&rsquo;&eacute;levage du b&eacute;tail procurant la viande, le lait, le cuir et les produits laineux.\n<\/p>\n<p>\n\tL&rsquo;empreinte zones de p&ecirc;ches d&eacute;signe la demande en &eacute;cosyst&egrave;mes aquatiques marins et int&eacute;rieurs n&eacute;cessaires &agrave; l&rsquo;obtention de la production primaire annuelle assurant les prises de produits marins et dulcicoles (vivant en eaux douces).\n<\/p>\n<p>\n\tL&rsquo;empreinte produits forestiers d&eacute;signe la demande en for&ecirc;t fournissant le bois de chauffage, la p&acirc;te &agrave; papier et les produits d&eacute;riv&eacute;s du bois.\n<\/p>\n<p>\n\tL&rsquo;empreinte espaces b&acirc;tis d&eacute;signe les zones biologiquement productives recouvertes par des infrastructures (logements, structures industrielles, infrastructures de transport).\n<\/p>\n<p>\n\tL&rsquo;empreinte carbone d&eacute;signe les &eacute;missions de carbones issues de la combustion des &eacute;nergies fossiles (pour les transports, le chauffage&nbsp;etc) et la production de ciment. Elle est &eacute;valu&eacute;e en termes de surfaces foresti&egrave;res n&eacute;cessaires pour s&eacute;questrer durablement le carbone qui n&rsquo;est pas absorb&eacute; par les oc&eacute;ans.\n<\/p>\n<p>\n\tUne empreinte carbone qui repart &agrave; la hausse\n<\/p>\n<p>\n\tAujourd&rsquo;hui, l&rsquo;empreinte carbone repr&eacute;sente plus de la moiti&eacute; (56&nbsp;%) de l&rsquo;empreinte &eacute;cologique de la France, devant les empreintes culture (20&nbsp;%), &laquo;&nbsp;produits forestiers&nbsp;&raquo; (11&nbsp;%), p&acirc;turage (5&nbsp;%), &laquo;&nbsp;espaces b&acirc;tis&nbsp;&raquo; et &laquo;&nbsp;zones de p&ecirc;che&nbsp;&raquo; (4&nbsp;% tous les deux). De 2008 &agrave; 2015, la France avait fait reculer son &laquo;&nbsp;jour du d&eacute;passement&nbsp;&raquo; gr&acirc;ce &agrave; une r&eacute;duction de son empreinte carbone. Des r&eacute;ductions similaires ont &eacute;t&eacute; observ&eacute;es dans d&rsquo;autres pays europ&eacute;ens, notamment m&eacute;diterran&eacute;ens. Global Footprint Network l&rsquo;explique alors surtout par la crise &eacute;conomique subie depuis 2008.Mais la tendance s&rsquo;est depuis &agrave; nouveau invers&eacute;e&nbsp;:&nbsp;l&rsquo;empreinte &eacute;cologique de la France a augment&eacute; de 5&nbsp;% en trois ans, de 2015 &agrave; 2018. WWF et Global Footprint Network y voient la cons&eacute;quence essentiellement de&nbsp;la baisse de prix des produits p&eacute;trolierspoussant &agrave; leur utilisation accrue dans les transports, le b&acirc;timent ou la production d&rsquo;&eacute;lectricit&eacute;. De quoi faire repartir &agrave; la hausse les &eacute;missions de gaz &agrave; effet de serre dans ces trois secteurs.\n<\/p>\n<p>\n\t&laquo;&nbsp;Mettre en place une strat&eacute;gie de d&eacute;sendettement &eacute;cologique&nbsp;&raquo;\n<\/p>\n<p>\n\tPlus largement, WWF estime aussi que cette nouvelle augmentation de l&rsquo;empreinte &eacute;cologique de la France t&eacute;moigne &laquo;&nbsp;d&rsquo;une&nbsp;transition &eacute;cologique encore trop &agrave; la traine&nbsp;et &agrave; la marge dans le pays&nbsp;&raquo;, notamment sur le rythme des r&eacute;novations des b&acirc;timents existants et sur les changements &agrave; op&eacute;rer dans les transports. &laquo;&nbsp;Il est plus que temps de mettre en place une strat&eacute;gie de d&eacute;sendettement &eacute;cologique&nbsp;&raquo;, appelle&nbsp;Pascal Canfin, directeur g&eacute;n&eacute;ral du WWF France en faisant une analogie avec le monde de l&rsquo;entreprise&nbsp;:&nbsp;&laquo;&nbsp;chacun sait qu&rsquo;une entreprise qui d&eacute;pense chaque ann&eacute;e plus qu&rsquo;elle ne gagne va au-devant de graves probl&egrave;mes&nbsp;&raquo;.<\/p>\n","protected":false},"excerpt":{"rendered":"<p>Chaque ann&eacute;e, Global Footprint Network calcule le jour du d&eacute;passement mondial date &agrave; laquelle l&rsquo;humanit&eacute; a consomm&eacute; l&rsquo;ensemble des ressources naturelles que la plan&egrave;te peut renouveler en un an. L&rsquo;an dernier, c&rsquo;&eacute;tait le 2&nbsp;ao&ucirc;t. Mais le think tank d&eacute;cline aussi l&rsquo;op&eacute;ration pour plus de 200 pays et territoires. Et pour la France, ce jour du&nbsp;d&eacute;passement [&hellip;]<\/p>\n","protected":false},"author":2,"featured_media":9246,"comment_status":"open","ping_status":"open","sticky":false,"template":"","format":"standard","meta":{"_jetpack_memberships_contains_paid_content":false,"footnotes":"","jetpack_publicize_message":"","jetpack_publicize_feature_enabled":true,"jetpack_social_post_already_shared":true,"jetpack_social_options":{"image_generator_settings":{"template":"highway","default_image_id":0,"font":"","enabled":false},"version":2},"_wpas_customize_per_network":false},"categories":[68],"tags":[2297],"class_list":["post-9245","post","type-post","status-publish","format-standard","has-post-thumbnail","hentry","category-actu-culturelle","tag-jour-du-depassement"],"jetpack_publicize_connections":[],"jetpack_featured_media_url":"https:\/\/i0.wp.com\/www.iceagetv.com\/radiosite\/wp-content\/uploads\/2018\/05\/Jour-du-d%C3%A9passement.jpg?fit=960%2C614&ssl=1","jetpack_sharing_enabled":true,"_links":{"self":[{"href":"https:\/\/www.iceagetv.com\/radiosite\/wp-json\/wp\/v2\/posts\/9245","targetHints":{"allow":["GET"]}}],"collection":[{"href":"https:\/\/www.iceagetv.com\/radiosite\/wp-json\/wp\/v2\/posts"}],"about":[{"href":"https:\/\/www.iceagetv.com\/radiosite\/wp-json\/wp\/v2\/types\/post"}],"author":[{"embeddable":true,"href":"https:\/\/www.iceagetv.com\/radiosite\/wp-json\/wp\/v2\/users\/2"}],"replies":[{"embeddable":true,"href":"https:\/\/www.iceagetv.com\/radiosite\/wp-json\/wp\/v2\/comments?post=9245"}],"version-history":[{"count":1,"href":"https:\/\/www.iceagetv.com\/radiosite\/wp-json\/wp\/v2\/posts\/9245\/revisions"}],"predecessor-version":[{"id":9247,"href":"https:\/\/www.iceagetv.com\/radiosite\/wp-json\/wp\/v2\/posts\/9245\/revisions\/9247"}],"wp:featuredmedia":[{"embeddable":true,"href":"https:\/\/www.iceagetv.com\/radiosite\/wp-json\/wp\/v2\/media\/9246"}],"wp:attachment":[{"href":"https:\/\/www.iceagetv.com\/radiosite\/wp-json\/wp\/v2\/media?parent=9245"}],"wp:term":[{"taxonomy":"category","embeddable":true,"href":"https:\/\/www.iceagetv.com\/radiosite\/wp-json\/wp\/v2\/categories?post=9245"},{"taxonomy":"post_tag","embeddable":true,"href":"https:\/\/www.iceagetv.com\/radiosite\/wp-json\/wp\/v2\/tags?post=9245"}],"curies":[{"name":"wp","href":"https:\/\/api.w.org\/{rel}","templated":true}]}}