{"id":9251,"date":"2018-05-05T07:51:38","date_gmt":"2018-05-05T07:51:38","guid":{"rendered":"http:\/\/www.iceagetv.com\/radiosite\/?p=9251"},"modified":"2018-05-05T07:51:38","modified_gmt":"2018-05-05T07:51:38","slug":"deprogramme-a-lolympia-bertrand-cantat-annonce-un-concert-au-zenith-de-paris-le-7-juin-prochain","status":"publish","type":"post","link":"https:\/\/www.iceagetv.com\/radiosite\/deprogramme-a-lolympia-bertrand-cantat-annonce-un-concert-au-zenith-de-paris-le-7-juin-prochain\/","title":{"rendered":"D\u00e9programm\u00e9 \u00e0 L&rsquo;Olympia, Bertrand Cantat annonce un concert au Z\u00e9nith de Paris le 7 juin prochain"},"content":{"rendered":"<p>\n\tBertrand Cantat, qui a renonc&eacute; aux festivals d&#39;&eacute;t&eacute; et vu ses concerts annul&eacute;s &agrave; l&#39;Olympia en raison d&#39;une contestation grandissante, se produira au Z&eacute;nith de Paris le 7 juin, ont annonc&eacute; le chanteur et la salle de concerts.\n<\/p>\n<p>\n\t&quot;Suite &agrave; l&#39;annulation par l&#39;Olympia des concerts pr&eacute;vus les 29 et 30 mai 2018, un concert est programm&eacute; le jeudi 7 juin 2018 au Z&eacute;nith de Paris&quot;, lit-on sur la page Facebook du musicien, dont les concerts d&eacute;cha&icirc;nent les passions, 15 ans apr&egrave;s la mort sous ses coups de Marie Trintignant.\n<\/p>\n<p>\n\tLe Z&eacute;nith a annonc&eacute; sur Twitter la mise en vente de billets d&egrave;s samedi.Mercredi, l&#39;Olympia avait fait &eacute;tat de &quot;risques s&eacute;rieux de trouble &agrave; l&#39;ordre public&quot; pour annuler ses deux concerts, &agrave; la satisfaction de militantes f&eacute;ministes qui avaient appel&eacute; &agrave; un rassemblement le 30 mai devant la salle parisienne.\n<\/p>\n<p>\n\tQuinze ans apr&egrave;s la mort sous ses coups de sa compagne, l&#39;actrice Marie Trintignant, l&#39;ancien leader de Noir D&eacute;sir, qui a &eacute;t&eacute; condamn&eacute; &agrave; huit ans de prison et a purg&eacute; sa peine, a vu ces derni&egrave;res semaines la pression s&#39;intensifier autour de sa tourn&eacute;e.Face &agrave; la col&egrave;re des d&eacute;fenseurs des droits des femmes, le chanteur de 54 ans avait d&eacute;j&agrave; renonc&eacute; aux festivals d&#39;&eacute;t&eacute;. Les premiers concerts de sa tourn&eacute;e en solo ont suscit&eacute; des protestations, certains manifestants estimant qu&#39;il ne devait plus se produire en public. A l&#39;inverse, ses d&eacute;fenseurs estiment que lui interdire de remonter sur une sc&egrave;ne revient &agrave; le condamner &agrave; une double peine et qu&#39;au surplus chacun est libre d&#39;assister ou pas &agrave; ses concerts.\n<\/p>\n<p>\n\tLe chanteur, ic&ocirc;ne pop-rock des ann&eacute;es 1990, a progressivement repris son activit&eacute; publique &agrave; partir de 2010 au sein du groupe D&eacute;troit, avant de revenir dans la lumi&egrave;re sous son nom en d&eacute;cembre, avec &quot;Amor Fati&quot;.<\/p>\n","protected":false},"excerpt":{"rendered":"<p>Bertrand Cantat, qui a renonc&eacute; aux festivals d&#39;&eacute;t&eacute; et vu ses concerts annul&eacute;s &agrave; l&#39;Olympia en raison d&#39;une contestation grandissante, se produira au Z&eacute;nith de Paris le 7 juin, ont annonc&eacute; le chanteur et la salle de concerts. &quot;Suite &agrave; l&#39;annulation par l&#39;Olympia des concerts pr&eacute;vus les 29 et 30 mai 2018, un concert est [&hellip;]<\/p>\n","protected":false},"author":2,"featured_media":9252,"comment_status":"open","ping_status":"open","sticky":false,"template":"","format":"standard","meta":{"_jetpack_memberships_contains_paid_content":false,"footnotes":"","jetpack_publicize_message":"","jetpack_publicize_feature_enabled":true,"jetpack_social_post_already_shared":true,"jetpack_social_options":{"image_generator_settings":{"template":"highway","default_image_id":0,"font":"","enabled":false},"version":2},"_wpas_customize_per_network":false},"categories":[68],"tags":[2299],"class_list":["post-9251","post","type-post","status-publish","format-standard","has-post-thumbnail","hentry","category-actu-culturelle","tag-bertrand-cantat-annonce-un-concert-au-zenith-de-paris-le-7-juin-prochain"],"jetpack_publicize_connections":[],"jetpack_featured_media_url":"https:\/\/i0.wp.com\/www.iceagetv.com\/radiosite\/wp-content\/uploads\/2018\/05\/Bertrand-Cantat-annonce-un-concert-au-Z%C3%A9nith-de-Paris-le-7-juin-prochain.jpg?fit=750%2C324&ssl=1","jetpack_sharing_enabled":true,"_links":{"self":[{"href":"https:\/\/www.iceagetv.com\/radiosite\/wp-json\/wp\/v2\/posts\/9251","targetHints":{"allow":["GET"]}}],"collection":[{"href":"https:\/\/www.iceagetv.com\/radiosite\/wp-json\/wp\/v2\/posts"}],"about":[{"href":"https:\/\/www.iceagetv.com\/radiosite\/wp-json\/wp\/v2\/types\/post"}],"author":[{"embeddable":true,"href":"https:\/\/www.iceagetv.com\/radiosite\/wp-json\/wp\/v2\/users\/2"}],"replies":[{"embeddable":true,"href":"https:\/\/www.iceagetv.com\/radiosite\/wp-json\/wp\/v2\/comments?post=9251"}],"version-history":[{"count":1,"href":"https:\/\/www.iceagetv.com\/radiosite\/wp-json\/wp\/v2\/posts\/9251\/revisions"}],"predecessor-version":[{"id":9253,"href":"https:\/\/www.iceagetv.com\/radiosite\/wp-json\/wp\/v2\/posts\/9251\/revisions\/9253"}],"wp:featuredmedia":[{"embeddable":true,"href":"https:\/\/www.iceagetv.com\/radiosite\/wp-json\/wp\/v2\/media\/9252"}],"wp:attachment":[{"href":"https:\/\/www.iceagetv.com\/radiosite\/wp-json\/wp\/v2\/media?parent=9251"}],"wp:term":[{"taxonomy":"category","embeddable":true,"href":"https:\/\/www.iceagetv.com\/radiosite\/wp-json\/wp\/v2\/categories?post=9251"},{"taxonomy":"post_tag","embeddable":true,"href":"https:\/\/www.iceagetv.com\/radiosite\/wp-json\/wp\/v2\/tags?post=9251"}],"curies":[{"name":"wp","href":"https:\/\/api.w.org\/{rel}","templated":true}]}}