{"id":9257,"date":"2018-05-05T18:14:47","date_gmt":"2018-05-05T18:14:47","guid":{"rendered":"http:\/\/www.iceagetv.com\/radiosite\/?p=9257"},"modified":"2018-05-05T18:14:47","modified_gmt":"2018-05-05T18:14:47","slug":"la-fete-a-macron-une-grenade-lacrymogene-lancee-dans-un-vehicule-de-radio-france-dont-la-vitre-a-ete-brisee-un-policier-blesse-par-un-jet-de-projectile-se-trouve-en-urgence-relative","status":"publish","type":"post","link":"https:\/\/www.iceagetv.com\/radiosite\/la-fete-a-macron-une-grenade-lacrymogene-lancee-dans-un-vehicule-de-radio-france-dont-la-vitre-a-ete-brisee-un-policier-blesse-par-un-jet-de-projectile-se-trouve-en-urgence-relative\/","title":{"rendered":"La f\u00eate \u00e0 Macron\u00a0\u00bb: Une grenade lacrymog\u00e8ne lanc\u00e9e dans un v\u00e9hicule de Radio France dont la vitre a \u00e9t\u00e9 bris\u00e9e &#8211; Un policier bless\u00e9 par un jet de projectile se trouve en urgence relative"},"content":{"rendered":"<p>\n\tLa police a proc&eacute;d&eacute; &agrave; huit interpellations samedi apr&egrave;s-midi &agrave; Paris &agrave; l&#39;occasion de la manifestation contre la politique d&#39;Emmanuel Macron, dont une personne mise en cause pour la d&eacute;gradation d&#39;un camion-r&eacute;gie de Franceinfo, a indiqu&eacute; la pr&eacute;fecture. &quot;Le dispositif renforc&eacute; mis en place, notamment pour les contr&ocirc;les en amont de la manifestation, a pleinement jou&eacute; son r&ocirc;le. Les forces de l&#39;ordre ont ainsi proc&eacute;d&eacute; &agrave; huit interpellations&quot;, a-t-elle pr&eacute;cis&eacute; dans un communiqu&eacute;. Sur ces huit interpellations, quatre l&#39;ont &eacute;t&eacute; en amont de la manifestation, notamment &quot;pour port d&#39;arme par destination&quot;, selon le pr&eacute;fet de police Michel Delpuech. Le rassemblement, estim&eacute; par la police &agrave; 40.000 personnes, &quot;s&#39;est deroul&eacute; dans des conditions qui n&#39;ont donn&eacute; lieu &agrave; aucune difficult&eacute;, aucun incident, &agrave; un cas pr&egrave;s&quot;, a ajout&eacute; le pr&eacute;fet de police, en r&eacute;f&eacute;rence &agrave; la d&eacute;gradation d&#39;un camion-r&eacute;gie de Franceinfo cibl&eacute; par &quot;quelques individus&quot; place de la Bastille. Dans l&#39;apr&egrave;s-midi, le ministre de l&#39;Int&eacute;rieur G&eacute;rard Collomb a &quot;condamn&eacute; fermement&quot; cette &quot;attaque&quot;.<br \/>\n\t&quot;Quand certains s&#39;attaquent &agrave; la presse, il n&#39;y a plus de limites&quot;, a-t&#8211;il dit &agrave; l&#39;AFP. &quot;Le fait de s&#39;en prendre &agrave; la libert&eacute; de la presse qualifie d&#39;une mani&egrave;re assez honteuse &agrave; mes yeux les auteurs de ces actes&quot;, a rench&eacute;ri le pr&eacute;fet de police. Radio France a &quot;condamn&eacute; fermement l&#39;attaque de ses collaborateurs dans l&#39;exercice de leur mission d&#39;information&quot;, a twitt&eacute; la nouvelle pr&eacute;sidente du groupe, Sibyle Veil. La pr&eacute;fecture de police a indiqu&eacute; que les forces de police &quot;sont rapidement arriv&eacute;es sur place pour s&eacute;curiser les lieux et extraire le v&eacute;hicule&quot;. &quot;Un des fonctionnaires intervenants a &eacute;t&eacute; victime d&#39;un jet de projectile. Bless&eacute; sans gravit&eacute;, il a &eacute;t&eacute; n&eacute;anmoins conduit &agrave; l&#39;h&ocirc;pital&quot;, a pr&eacute;cis&eacute; la pr&eacute;fecture.\n<\/p>\n<p>\n\tDans ce communiqu&eacute;, Michel Delpuech a soulign&eacute; &quot;l&#39;efficacit&eacute; des dispositifs mis en place&quot; et &quot;l&#39;excellente coordination, lors de cette manifestation, avec le service d&#39;ordre des organisateurs&quot;. Hormis cet incident place de la Bastille, le d&eacute;fil&eacute; s&#39;est d&eacute;roul&eacute; dans une ambiance largement festive, encadr&eacute; par 2.000 policiers et gendarmes venus emp&ecirc;cher l&#39;irruption de black blocs, quelques jours apr&egrave;s les violents incidents du 1er-Mai. Vers 19H00, quelque 5.000 personnes &eacute;taient encore place de la Bastille, selon la pr&eacute;fecture.<br \/>\n\t&nbsp;Le ministre de l&#39;Int&eacute;rieur G&eacute;rard Collomb a condamn&eacute; fermement &quot;l&#39;attaque&quot; d&#39;un camion-r&eacute;gie de Franceinfo samedi &agrave; Paris qui n&#39;a pas fait de bless&eacute;s, en marge de la manifestation contre la politique d&#39;Emmanuel Macron. &quot;Quand certains s&#39;attaquent &agrave; la presse, il n&#39;y a plus de limites&quot;, a d&eacute;clar&eacute; le ministre &agrave; l&#39;AFP &agrave; la pr&eacute;fecture de police. Place de la Bastille, un fumig&egrave;ne a &eacute;t&eacute; lanc&eacute; &agrave; l&#39;int&eacute;rieur du v&eacute;hicule dont une vitre avait &eacute;t&eacute; bris&eacute;e, selon un journaliste de l&#39;AFP sur place. Aucun journaliste ne se trouvait &agrave; l&#39;int&eacute;rieur du camion mais un policier a &eacute;t&eacute; l&eacute;g&egrave;rement bless&eacute; par un jet de projectile lors de l&#39;extraction du v&eacute;hicule.<\/p>\n","protected":false},"excerpt":{"rendered":"<p>La police a proc&eacute;d&eacute; &agrave; huit interpellations samedi apr&egrave;s-midi &agrave; Paris &agrave; l&#39;occasion de la manifestation contre la politique d&#39;Emmanuel Macron, dont une personne mise en cause pour la d&eacute;gradation d&#39;un camion-r&eacute;gie de Franceinfo, a indiqu&eacute; la pr&eacute;fecture. &quot;Le dispositif renforc&eacute; mis en place, notamment pour les contr&ocirc;les en amont de la manifestation, a pleinement [&hellip;]<\/p>\n","protected":false},"author":2,"featured_media":9258,"comment_status":"open","ping_status":"open","sticky":false,"template":"","format":"standard","meta":{"_jetpack_memberships_contains_paid_content":false,"footnotes":"","jetpack_publicize_message":"","jetpack_publicize_feature_enabled":true,"jetpack_social_post_already_shared":true,"jetpack_social_options":{"image_generator_settings":{"template":"highway","default_image_id":0,"font":"","enabled":false},"version":2},"_wpas_customize_per_network":false},"categories":[405],"tags":[2301],"class_list":["post-9257","post","type-post","status-publish","format-standard","has-post-thumbnail","hentry","category-actu-france-monde","tag-la-fete-a-macron"],"jetpack_publicize_connections":[],"jetpack_featured_media_url":"https:\/\/i0.wp.com\/www.iceagetv.com\/radiosite\/wp-content\/uploads\/2018\/05\/La-f%C3%AAte-%C3%A0-Macron.jpg?fit=750%2C324&ssl=1","jetpack_sharing_enabled":true,"_links":{"self":[{"href":"https:\/\/www.iceagetv.com\/radiosite\/wp-json\/wp\/v2\/posts\/9257","targetHints":{"allow":["GET"]}}],"collection":[{"href":"https:\/\/www.iceagetv.com\/radiosite\/wp-json\/wp\/v2\/posts"}],"about":[{"href":"https:\/\/www.iceagetv.com\/radiosite\/wp-json\/wp\/v2\/types\/post"}],"author":[{"embeddable":true,"href":"https:\/\/www.iceagetv.com\/radiosite\/wp-json\/wp\/v2\/users\/2"}],"replies":[{"embeddable":true,"href":"https:\/\/www.iceagetv.com\/radiosite\/wp-json\/wp\/v2\/comments?post=9257"}],"version-history":[{"count":1,"href":"https:\/\/www.iceagetv.com\/radiosite\/wp-json\/wp\/v2\/posts\/9257\/revisions"}],"predecessor-version":[{"id":9259,"href":"https:\/\/www.iceagetv.com\/radiosite\/wp-json\/wp\/v2\/posts\/9257\/revisions\/9259"}],"wp:featuredmedia":[{"embeddable":true,"href":"https:\/\/www.iceagetv.com\/radiosite\/wp-json\/wp\/v2\/media\/9258"}],"wp:attachment":[{"href":"https:\/\/www.iceagetv.com\/radiosite\/wp-json\/wp\/v2\/media?parent=9257"}],"wp:term":[{"taxonomy":"category","embeddable":true,"href":"https:\/\/www.iceagetv.com\/radiosite\/wp-json\/wp\/v2\/categories?post=9257"},{"taxonomy":"post_tag","embeddable":true,"href":"https:\/\/www.iceagetv.com\/radiosite\/wp-json\/wp\/v2\/tags?post=9257"}],"curies":[{"name":"wp","href":"https:\/\/api.w.org\/{rel}","templated":true}]}}