{"id":9269,"date":"2018-05-07T13:15:30","date_gmt":"2018-05-07T13:15:30","guid":{"rendered":"http:\/\/www.iceagetv.com\/radiosite\/?p=9269"},"modified":"2018-05-07T13:15:30","modified_gmt":"2018-05-07T13:15:30","slug":"sncf-pour-lunsa-le-compte-ny-est-pas-apres-la-reunion-avec-edouard-philippe","status":"publish","type":"post","link":"https:\/\/www.iceagetv.com\/radiosite\/sncf-pour-lunsa-le-compte-ny-est-pas-apres-la-reunion-avec-edouard-philippe\/","title":{"rendered":"SNCF : pour l&rsquo;Unsa, \u00ab\u00a0le compte n&rsquo;y est pas\u00a0\u00bb apr\u00e8s la r\u00e9union avec \u00c9douard Philippe"},"content":{"rendered":"<p>\n\t&quot;&Agrave; l&#39;heure qu&#39;il est, le compte n&#39;y est pas&quot;,&nbsp;a comment&eacute; Roger Dillenseger, le secr&eacute;taire g&eacute;n&eacute;ral de l&#39;Unsa ferroviaire, lundi 7&nbsp;mai sur franceinfo,&nbsp;&agrave; la sortie d&#39;un rendez-vous avec le Premier ministre,&nbsp;&Eacute;douard Philippe, sur la r&eacute;forme de la SNCF.\n<\/p>\n<p>\n\tRoger Dillenseger :&nbsp;Les organisations syndicales ont eu la capacit&eacute; d&#39;appr&eacute;cier le pouvoir du Premier ministre &agrave; jouer de la montre, &agrave; gagner du temps. On nous informe aujourd&#39;hui d&#39;un engagement de poursuite des n&eacute;gociations, ces n&eacute;gociations que l&#39;on m&egrave;ne depuis six semaines, et on voit &agrave; quelle vitesse et avec quel contenu. Sur les questions du financement de la dette et plus largement du syst&egrave;me ferroviaire, aucun engagement factuel n&#39;a &eacute;t&eacute; pris par le Premier ministre sauf &agrave; dire qu&#39;on se revoit dans 15&nbsp;jours. Donc face aux usagers, face &agrave; la situation de perte du pouvoir d&#39;achat des cheminots, face &agrave; la SNCF elle-m&ecirc;me, nous consid&eacute;rons que ce report de 15&nbsp;jours pour annoncer potentiellement quelque chose de formalis&eacute;, de factuel, nous semble de nature &agrave; vouloir gagner du temps. Les seuls &eacute;l&eacute;ments suppl&eacute;mentaires sont la m&eacute;thode et une vision &agrave; long terme, avec un objectif fix&eacute; &agrave; 2020-2022, mais en r&eacute;alit&eacute; tr&egrave;s peu de concret.\n<\/p>\n<p>\n\tCette r&eacute;union n&#39;a-t-elle servi &agrave; rien, alors&nbsp;?\n<\/p>\n<p>\n\tC&#39;est un point d&#39;&eacute;tape aujourd&#39;hui mais &agrave; notre sens un point d&#39;&eacute;tape qui aurait d&ucirc; avoir des cons&eacute;quences plus prononc&eacute;es et plus fortes. Je pense que depuis le 20&nbsp;avril, date de notre demande d&#39;&ecirc;tre re&ccedil;us par le premier ministre, des choses auraient pu &ecirc;tre act&eacute;es. Nous, on regrette cette poursuite de mobilisation, cette n&eacute;cessit&eacute; de poursuivre la mobilisation, parce que tout simplement on a une pens&eacute;e pour les usagers, on a une pens&eacute;e pour les voyageurs, on a une pens&eacute;e pour les cheminots qui, par cette voie, perdent du pouvoir d&#39;achat, et c&#39;est &eacute;galement un souci qui devrait &ecirc;tre celui de l&#39;entreprise et nous on appelle tous les partenaires &agrave; prendre chacun ses responsabilit&eacute;s pour r&eacute;duire le plus possible cette p&eacute;riode.\n<\/p>\n<p>\n\tAllez-vous continuer votre mobilisation&nbsp;?\n<\/p>\n<p>\n\tOn rentre maintenant dans un calendrier de premi&egrave;re urgence, et dans notre m&eacute;thode d&#39;organisation syndicale pratiquant la politique contractuelle, on va continuer &agrave; proposer des amendements pour ce projet de loi qui devrait passer au S&eacute;nat aux alentours de la fin du mois, donc un calendrier d&#39;urgence justement pour faire &eacute;voluer ce projet de loi. (&hellip;) Je r&eacute;unis, moi, mes structures pas plus tard que mercredi matin pour justement s&#39;interroger sur la poursuite de la mobilisation, qui &agrave; mon sens ne fait que tr&egrave;s peu de doute.&nbsp;&Agrave; l&#39;heure qu&#39;il est, le compte n&#39;y est pas. Et donc mercredi 9 mai, au soir, une intersyndicale se r&eacute;unira pour d&eacute;cider des suites &agrave; donner.\n<\/p>\n<p>\n\tLe financement de la dette est-elle le sujet principal de ces n&eacute;gociations&nbsp;?\n<\/p>\n<p>\n\tJe pense m&ecirc;me qu&#39;au-del&agrave; de la question sp&eacute;cifique de la dette, il y a la question du financement p&eacute;renne du syst&egrave;me ferroviaire. Aujourd&#39;hui, la dette est un sujet important, et effectivement le poids de l&#39;emprunt que porte la SNCF sur des engagements des gouvernements successifs, c&#39;est un sujet important &agrave; l&#39;instant T. Pour autant, il faut &eacute;galement r&eacute;fl&eacute;chir au financement p&eacute;renne du syst&egrave;me pour ne pas commencer &agrave; reconstruire la dette une fois que celle-ci sera potentiellement reprise. Et sur les n&eacute;gociations en cours, il y a encore bien des sujets &agrave; traiter, notamment la question des transferts des personnels, les garanties de la r&eacute;mun&eacute;ration, les facilit&eacute;s de circulation et j&#39;en oublie. Non, il y a d&#39;autres sujets &agrave; traiter et cela dans l&#39;urgence avant la deuxi&egrave;me lecture au S&eacute;nat.<\/p>\n","protected":false},"excerpt":{"rendered":"<p>&quot;&Agrave; l&#39;heure qu&#39;il est, le compte n&#39;y est pas&quot;,&nbsp;a comment&eacute; Roger Dillenseger, le secr&eacute;taire g&eacute;n&eacute;ral de l&#39;Unsa ferroviaire, lundi 7&nbsp;mai sur franceinfo,&nbsp;&agrave; la sortie d&#39;un rendez-vous avec le Premier ministre,&nbsp;&Eacute;douard Philippe, sur la r&eacute;forme de la SNCF. Roger Dillenseger :&nbsp;Les organisations syndicales ont eu la capacit&eacute; d&#39;appr&eacute;cier le pouvoir du Premier ministre &agrave; jouer de [&hellip;]<\/p>\n","protected":false},"author":2,"featured_media":9270,"comment_status":"open","ping_status":"open","sticky":false,"template":"","format":"standard","meta":{"_jetpack_memberships_contains_paid_content":false,"footnotes":"","jetpack_publicize_message":"","jetpack_publicize_feature_enabled":true,"jetpack_social_post_already_shared":true,"jetpack_social_options":{"image_generator_settings":{"template":"highway","default_image_id":0,"font":"","enabled":false},"version":2},"_wpas_customize_per_network":false},"categories":[405],"tags":[1067],"class_list":["post-9269","post","type-post","status-publish","format-standard","has-post-thumbnail","hentry","category-actu-france-monde","tag-sncf"],"jetpack_publicize_connections":[],"jetpack_featured_media_url":"https:\/\/i0.wp.com\/www.iceagetv.com\/radiosite\/wp-content\/uploads\/2018\/05\/SNCF.jpg?fit=512%2C193&ssl=1","jetpack_sharing_enabled":true,"_links":{"self":[{"href":"https:\/\/www.iceagetv.com\/radiosite\/wp-json\/wp\/v2\/posts\/9269","targetHints":{"allow":["GET"]}}],"collection":[{"href":"https:\/\/www.iceagetv.com\/radiosite\/wp-json\/wp\/v2\/posts"}],"about":[{"href":"https:\/\/www.iceagetv.com\/radiosite\/wp-json\/wp\/v2\/types\/post"}],"author":[{"embeddable":true,"href":"https:\/\/www.iceagetv.com\/radiosite\/wp-json\/wp\/v2\/users\/2"}],"replies":[{"embeddable":true,"href":"https:\/\/www.iceagetv.com\/radiosite\/wp-json\/wp\/v2\/comments?post=9269"}],"version-history":[{"count":1,"href":"https:\/\/www.iceagetv.com\/radiosite\/wp-json\/wp\/v2\/posts\/9269\/revisions"}],"predecessor-version":[{"id":9271,"href":"https:\/\/www.iceagetv.com\/radiosite\/wp-json\/wp\/v2\/posts\/9269\/revisions\/9271"}],"wp:featuredmedia":[{"embeddable":true,"href":"https:\/\/www.iceagetv.com\/radiosite\/wp-json\/wp\/v2\/media\/9270"}],"wp:attachment":[{"href":"https:\/\/www.iceagetv.com\/radiosite\/wp-json\/wp\/v2\/media?parent=9269"}],"wp:term":[{"taxonomy":"category","embeddable":true,"href":"https:\/\/www.iceagetv.com\/radiosite\/wp-json\/wp\/v2\/categories?post=9269"},{"taxonomy":"post_tag","embeddable":true,"href":"https:\/\/www.iceagetv.com\/radiosite\/wp-json\/wp\/v2\/tags?post=9269"}],"curies":[{"name":"wp","href":"https:\/\/api.w.org\/{rel}","templated":true}]}}