{"id":9382,"date":"2018-05-24T18:54:37","date_gmt":"2018-05-24T18:54:37","guid":{"rendered":"http:\/\/www.iceagetv.com\/radiosite\/?p=9382"},"modified":"2018-05-24T18:54:37","modified_gmt":"2018-05-24T18:54:37","slug":"the-ou-cafe-102-personnalites-protestent-contre-larret-de-lemission-de-france-2","status":"publish","type":"post","link":"https:\/\/www.iceagetv.com\/radiosite\/the-ou-cafe-102-personnalites-protestent-contre-larret-de-lemission-de-france-2\/","title":{"rendered":"Th\u00e9 ou Caf\u00e9\u00a0\u00bb : 102 personnalit\u00e9s protestent contre l&rsquo;arr\u00eat de l&rsquo;\u00e9mission de France 2"},"content":{"rendered":"<p>\n\tCom&eacute;diens, chanteurs, &eacute;crivains ou encore scientifiques se mobilisent pour &eacute;viter l&#39;arr&ecirc;t de &quot;Th&eacute; ou Caf&eacute;&quot; sur France 2.\n<\/p>\n<p>\n\tPas touche &agrave; Catherine. Le mois dernier, l&#39;annonce de la&nbsp;suppression de &quot;The ou Caf&eacute;&quot;, pr&eacute;sent&eacute;e par&nbsp;Catherine Ceylac, avait surpris tout le monde. Par souci d&#39;&eacute;conomies, l&#39;&eacute;mission embl&eacute;matique des week-ends de&nbsp;France 2&nbsp;devrait s&#39;arr&ecirc;ter &agrave; la fin de l&#39;ann&eacute;e. Mais cette information a fait r&eacute;agir de nombreuses personnalit&eacute;s attach&eacute;es au programme. Ainsi, l&#39;ancienne secr&eacute;taire d&#39;Etat&nbsp;Jeannette Bougrab&nbsp;a-t-elle lanc&eacute; dans la foul&eacute;e une p&eacute;tition en ligne pour le maintien de l&#39;&eacute;mission, qui a recueilli plus de 6.000 signatures &agrave; ce jour.\n<\/p>\n<p>\n\tDes soutiens h&eacute;t&eacute;roclites\n<\/p>\n<p>\n\tEt selon nos confr&egrave;res de &quot;T&eacute;l&eacute; Loisirs&quot;, ce sont pas moins de 102 personnalit&eacute;s qui ont d&eacute;cid&eacute; de s&#39;engager publiquement contre l&#39;arr&ecirc;t de &quot;Th&eacute; ou Caf&eacute;&quot;. Qu&#39;ils aient &eacute;t&eacute; invit&eacute;s de l&#39;&eacute;mission ou qu&#39;ils soient de simples t&eacute;l&eacute;spectateurs fid&egrave;les, tous ont voulu t&eacute;moigner de leur sympathie pour la pr&eacute;sentatrice de France 2.&nbsp;Laurent Gerra,&nbsp;Carla Bruni,&nbsp;Mimi Mathy,&nbsp;Guy Bedos, Salvatore Adamo,&nbsp;Bernard Pivot,&nbsp;Michel Boujenah&#8230; Un &eacute;chantillon de personnalit&eacute;s pour le moins h&eacute;t&eacute;roclite.\n<\/p>\n<p>\n\tPour tous, le talk-show diffus&eacute; depuis 1996 sur le service public occupe une place &agrave; part dans le paysage audiovisuel fran&ccedil;ais. Pour le com&eacute;dien&nbsp;Yvan Attalpar exemple, une des qualit&eacute;s principales de &quot;Th&eacute; ou Caf&eacute;&quot; est le fait de &quot;pouvoir &eacute;couter un invit&eacute; sans qu&#39;il soit interrompu toutes les 10 secondes par une blague de l&#39;animateur&quot;. Ce week-end, le chanteur&nbsp;Julien Dor&eacute;&nbsp;avait r&eacute;agi avec humour &agrave; cette perspective de suppression en tweetant, en r&eacute;f&eacute;rence au titre de l&#39;&eacute;mission : &quot;Tant que je n&#39;aurai pas choisi entre les deux, il est hors de question que cette &eacute;mission s&#39;arr&ecirc;te. Clair ?&quot;.\n<\/p>\n<p>\n\t&quot;Les gens qui y participent trouveront toujours une place formidable sur France T&eacute;l&eacute;visions&quot;\n<\/p>\n<p>\n\tInvit&eacute; de l&#39;&eacute;mission de RTL &quot;Les dessous de l&#39;&eacute;cran&quot;&nbsp;au d&eacute;but du mois,&nbsp;Takis Candilis, le num&eacute;ro 2 de France T&eacute;l&eacute;visions, n&#39;avait pas confirm&eacute; l&#39;arr&ecirc;t de &quot;Th&eacute; ou Caf&eacute;&quot;.&nbsp;&quot;Il y a des discussions qui nous poussent &agrave; envisager &agrave; arr&ecirc;ter certaines &eacute;missions. M&ecirc;me si elle s&#39;arr&ecirc;tait (&#39;Th&eacute; ou caf&eacute;&#39;, ndlr) &#8211; on est en discussion et on verra ce qui va se passer &#8211; les gens qui y participent trouveront toujours une place formidable sur France T&eacute;l&eacute;visions&quot;, avait-il expliqu&eacute; pour signifier le maintien &agrave; l&#39;antenne de Catherine Ceylac, qui reste salari&eacute;e du groupe public, avec ou sans son &eacute;mission du week-end.<\/p>\n","protected":false},"excerpt":{"rendered":"<p>Com&eacute;diens, chanteurs, &eacute;crivains ou encore scientifiques se mobilisent pour &eacute;viter l&#39;arr&ecirc;t de &quot;Th&eacute; ou Caf&eacute;&quot; sur France 2. Pas touche &agrave; Catherine. Le mois dernier, l&#39;annonce de la&nbsp;suppression de &quot;The ou Caf&eacute;&quot;, pr&eacute;sent&eacute;e par&nbsp;Catherine Ceylac, avait surpris tout le monde. Par souci d&#39;&eacute;conomies, l&#39;&eacute;mission embl&eacute;matique des week-ends de&nbsp;France 2&nbsp;devrait s&#39;arr&ecirc;ter &agrave; la fin de l&#39;ann&eacute;e. [&hellip;]<\/p>\n","protected":false},"author":2,"featured_media":9383,"comment_status":"open","ping_status":"open","sticky":false,"template":"","format":"standard","meta":{"_jetpack_memberships_contains_paid_content":false,"footnotes":"","jetpack_publicize_message":"","jetpack_publicize_feature_enabled":true,"jetpack_social_post_already_shared":true,"jetpack_social_options":{"image_generator_settings":{"template":"highway","default_image_id":0,"font":"","enabled":false},"version":2},"_wpas_customize_per_network":false},"categories":[68],"tags":[2333],"class_list":["post-9382","post","type-post","status-publish","format-standard","has-post-thumbnail","hentry","category-actu-culturelle","tag-the-ou-cafe"],"jetpack_publicize_connections":[],"jetpack_featured_media_url":"https:\/\/i0.wp.com\/www.iceagetv.com\/radiosite\/wp-content\/uploads\/2018\/05\/Th%C3%A9-ou-Caf%C3%A9.jpg?fit=646%2C422&ssl=1","jetpack_sharing_enabled":true,"_links":{"self":[{"href":"https:\/\/www.iceagetv.com\/radiosite\/wp-json\/wp\/v2\/posts\/9382","targetHints":{"allow":["GET"]}}],"collection":[{"href":"https:\/\/www.iceagetv.com\/radiosite\/wp-json\/wp\/v2\/posts"}],"about":[{"href":"https:\/\/www.iceagetv.com\/radiosite\/wp-json\/wp\/v2\/types\/post"}],"author":[{"embeddable":true,"href":"https:\/\/www.iceagetv.com\/radiosite\/wp-json\/wp\/v2\/users\/2"}],"replies":[{"embeddable":true,"href":"https:\/\/www.iceagetv.com\/radiosite\/wp-json\/wp\/v2\/comments?post=9382"}],"version-history":[{"count":1,"href":"https:\/\/www.iceagetv.com\/radiosite\/wp-json\/wp\/v2\/posts\/9382\/revisions"}],"predecessor-version":[{"id":9384,"href":"https:\/\/www.iceagetv.com\/radiosite\/wp-json\/wp\/v2\/posts\/9382\/revisions\/9384"}],"wp:featuredmedia":[{"embeddable":true,"href":"https:\/\/www.iceagetv.com\/radiosite\/wp-json\/wp\/v2\/media\/9383"}],"wp:attachment":[{"href":"https:\/\/www.iceagetv.com\/radiosite\/wp-json\/wp\/v2\/media?parent=9382"}],"wp:term":[{"taxonomy":"category","embeddable":true,"href":"https:\/\/www.iceagetv.com\/radiosite\/wp-json\/wp\/v2\/categories?post=9382"},{"taxonomy":"post_tag","embeddable":true,"href":"https:\/\/www.iceagetv.com\/radiosite\/wp-json\/wp\/v2\/tags?post=9382"}],"curies":[{"name":"wp","href":"https:\/\/api.w.org\/{rel}","templated":true}]}}