{"id":9407,"date":"2018-06-02T14:55:30","date_gmt":"2018-06-02T14:55:30","guid":{"rendered":"http:\/\/www.iceagetv.com\/radiosite\/?p=9407"},"modified":"2018-06-02T14:55:30","modified_gmt":"2018-06-02T14:55:30","slug":"maelys-des-obseques-neuf-mois-apres-vive-emotion-a-la-tour-du-pin","status":"publish","type":"post","link":"https:\/\/www.iceagetv.com\/radiosite\/maelys-des-obseques-neuf-mois-apres-vive-emotion-a-la-tour-du-pin\/","title":{"rendered":"Ma\u00eblys : des obs\u00e8ques neuf mois apr\u00e8s, vive \u00e9motion \u00e0 La Tour-du-Pin"},"content":{"rendered":"<p>\n\tNeuf mois apr&egrave;s le d&eacute;c&egrave;s de la fillette,&nbsp;plusieurs centaines de personnes ont pris place dans l&#39;&eacute;glise de La Tour-du-Pin (Is&egrave;re) et sur son parvis pour rendre&nbsp;un dernier hommage &agrave; Ma&euml;lys. La c&eacute;r&eacute;monie a d&eacute;but&eacute; vers 14&nbsp;h&nbsp;30. L&#39;&eacute;glise Notre-Dame de l&#39;Assomption ne comptant que&nbsp;400&nbsp;places pour la famille et les proches, la c&eacute;r&eacute;monie &laquo;&nbsp;publique&nbsp;&raquo;, pr&eacute;sid&eacute;e par l&#39;&eacute;v&ecirc;que de&nbsp;Grenoble, Mgr Guy de Kerimel, est retransmise sur un &eacute;cran g&eacute;ant plac&eacute; sur le parvis ensoleill&eacute;, pour les quelque&nbsp;200&nbsp;personnes, venues parfois de loin t&eacute;moigner de leur soutien, et pour les m&eacute;dias.Neuf mois que nos vies sont bris&eacute;es&nbsp;&raquo;, a d&eacute;clar&eacute; en larmes Jennifer Cleyet-Marrel, la m&egrave;re de Ma&euml;lys, au d&eacute;but de la c&eacute;l&eacute;bration. &laquo;&nbsp;J&#39;ai partag&eacute; neuf ans de bonheur &agrave; tes c&ocirc;t&eacute;s. Ton absence laisse un grand vide en moi. Ma&euml;lys, je ne souffre plus maintenant&nbsp;: quand je regarde le ciel, je sais qu&#39;une &eacute;toile veille sur nous.&nbsp;&raquo; &laquo;&nbsp;Tu &eacute;tais joyeuse, pleine de vie&nbsp;&raquo;, a ajout&eacute; son p&egrave;re, Joachim de Araujo. &laquo;&nbsp;Il reste les beaux souvenirs. Il y a toujours ta place &agrave; la table familiale.&nbsp;&raquo;\n<\/p>\n<p>\n\tFleurs blanches\n<\/p>\n<p>\n\tNordahl Lelandais avait reconnu avoir tu&eacute; &laquo;&nbsp;accidentellement&nbsp;&raquo; l&#39;enfant. Les parents du caporal Arthur Noyer, que Lelandais reconna&icirc;t aussi avoir tu&eacute;, ont tenu &agrave; &ecirc;tre pr&eacute;sents. L&#39;inhumation aura lieu ensuite &laquo;&nbsp;dans l&#39;intimit&eacute;&nbsp;&raquo; au cimeti&egrave;re de la commune. Les parents de la fillette, qui allait avoir&nbsp;9&nbsp;ans, ont choisi de l&#39;enterrer dans ce village de 8&nbsp;000 habitants, o&ugrave; ils ont des attaches familiales. Il est situ&eacute; &agrave; une vingtaine de kilom&egrave;tres de Pont-de-Beauvoisin, o&ugrave; Ma&euml;lys avait disparu lors d&#39;une soir&eacute;e de mariage, le&nbsp;27&nbsp;ao&ucirc;t. Un village dont leur avocat, Me Fabien Rajon, est le maire.\n<\/p>\n<p>\n\tD&egrave;s&nbsp;8&nbsp;heures, les abords de l&#39;&eacute;glise ont &eacute;t&eacute; interdits de stationnement et ferm&eacute;s &agrave; la circulation, tandis que les habitants, seuls ou en famille, venaient d&eacute;poser des gerbes blanches sur les marches et signer les registres de condol&eacute;ances &agrave; l&#39;ext&eacute;rieur de l&#39;&eacute;glise.\n<\/p>\n<p>\n\tS&eacute;bastien,&nbsp;45&nbsp;ans, a voulu &laquo;&nbsp;rendre hommage &agrave; Ma&euml;lys&nbsp;&raquo;, car il se dit &laquo;&nbsp;tr&egrave;s touch&eacute; par ce drame&nbsp;&raquo; qui &laquo;&nbsp;peut arriver &agrave; tout le monde. [&#8230;] C&rsquo;est une &eacute;tape importante pour la famille. Ils vont enfin pouvoir l&rsquo;enterrer&nbsp;&raquo;, ajoute cet habitant de La Tour-du-Pin. Catherine,&nbsp;56&nbsp;ans, dont la fille a &eacute;t&eacute; &laquo;&nbsp;assassin&eacute;e&nbsp;&raquo; a &eacute;galement voulu &laquo;&nbsp;t&eacute;moigner [son] soutien &agrave; la famille. Je veux &ecirc;tre l&agrave; pour elle. Ce sont des choses qui ne devraient pas arriver&nbsp;&raquo;, d&eacute;clare-t-elle. Dans le centre-ville, les commer&ccedil;ants ont dispos&eacute; des ballons blancs, symbole de &laquo;&nbsp;l&#39;innocence&nbsp;&raquo;, devant leurs devantures.<\/p>\n","protected":false},"excerpt":{"rendered":"<p>Neuf mois apr&egrave;s le d&eacute;c&egrave;s de la fillette,&nbsp;plusieurs centaines de personnes ont pris place dans l&#39;&eacute;glise de La Tour-du-Pin (Is&egrave;re) et sur son parvis pour rendre&nbsp;un dernier hommage &agrave; Ma&euml;lys. La c&eacute;r&eacute;monie a d&eacute;but&eacute; vers 14&nbsp;h&nbsp;30. L&#39;&eacute;glise Notre-Dame de l&#39;Assomption ne comptant que&nbsp;400&nbsp;places pour la famille et les proches, la c&eacute;r&eacute;monie &laquo;&nbsp;publique&nbsp;&raquo;, pr&eacute;sid&eacute;e par l&#39;&eacute;v&ecirc;que [&hellip;]<\/p>\n","protected":false},"author":2,"featured_media":9408,"comment_status":"open","ping_status":"open","sticky":false,"template":"","format":"standard","meta":{"_jetpack_memberships_contains_paid_content":false,"footnotes":"","jetpack_publicize_message":"","jetpack_publicize_feature_enabled":true,"jetpack_social_post_already_shared":true,"jetpack_social_options":{"image_generator_settings":{"template":"highway","default_image_id":0,"font":"","enabled":false},"version":2},"_wpas_customize_per_network":false},"categories":[405],"tags":[1806],"class_list":["post-9407","post","type-post","status-publish","format-standard","has-post-thumbnail","hentry","category-actu-france-monde","tag-maelys"],"jetpack_publicize_connections":[],"jetpack_featured_media_url":"https:\/\/i0.wp.com\/www.iceagetv.com\/radiosite\/wp-content\/uploads\/2018\/06\/Ma%C3%ABlys.jpg?fit=660%2C281&ssl=1","jetpack_sharing_enabled":true,"_links":{"self":[{"href":"https:\/\/www.iceagetv.com\/radiosite\/wp-json\/wp\/v2\/posts\/9407","targetHints":{"allow":["GET"]}}],"collection":[{"href":"https:\/\/www.iceagetv.com\/radiosite\/wp-json\/wp\/v2\/posts"}],"about":[{"href":"https:\/\/www.iceagetv.com\/radiosite\/wp-json\/wp\/v2\/types\/post"}],"author":[{"embeddable":true,"href":"https:\/\/www.iceagetv.com\/radiosite\/wp-json\/wp\/v2\/users\/2"}],"replies":[{"embeddable":true,"href":"https:\/\/www.iceagetv.com\/radiosite\/wp-json\/wp\/v2\/comments?post=9407"}],"version-history":[{"count":1,"href":"https:\/\/www.iceagetv.com\/radiosite\/wp-json\/wp\/v2\/posts\/9407\/revisions"}],"predecessor-version":[{"id":9409,"href":"https:\/\/www.iceagetv.com\/radiosite\/wp-json\/wp\/v2\/posts\/9407\/revisions\/9409"}],"wp:featuredmedia":[{"embeddable":true,"href":"https:\/\/www.iceagetv.com\/radiosite\/wp-json\/wp\/v2\/media\/9408"}],"wp:attachment":[{"href":"https:\/\/www.iceagetv.com\/radiosite\/wp-json\/wp\/v2\/media?parent=9407"}],"wp:term":[{"taxonomy":"category","embeddable":true,"href":"https:\/\/www.iceagetv.com\/radiosite\/wp-json\/wp\/v2\/categories?post=9407"},{"taxonomy":"post_tag","embeddable":true,"href":"https:\/\/www.iceagetv.com\/radiosite\/wp-json\/wp\/v2\/tags?post=9407"}],"curies":[{"name":"wp","href":"https:\/\/api.w.org\/{rel}","templated":true}]}}