{"id":9594,"date":"2018-06-24T16:19:05","date_gmt":"2018-06-24T16:19:05","guid":{"rendered":"http:\/\/www.iceagetv.com\/radiosite\/?p=9594"},"modified":"2018-06-24T16:19:05","modified_gmt":"2018-06-24T16:19:05","slug":"edu-del-prado-40-ans-acteur-dans-un-dos-tres-mais-aussi-prof-de-chant-a-la-star-ac-et-candidat-de-the-voice-a-ete-retrouve-mort-a-valence-son-deces-serait-lie-a-une-pneumonie-attrape","status":"publish","type":"post","link":"https:\/\/www.iceagetv.com\/radiosite\/edu-del-prado-40-ans-acteur-dans-un-dos-tres-mais-aussi-prof-de-chant-a-la-star-ac-et-candidat-de-the-voice-a-ete-retrouve-mort-a-valence-son-deces-serait-lie-a-une-pneumonie-attrape\/","title":{"rendered":"Edu del Prado, 40 ans, acteur dans \u00ab\u00a0Un, dos, tres\u00a0\u00bb mais aussi prof de chant \u00e0 la \u00ab\u00a0Star Ac\u00a0\u00bb et candidat de \u00ab\u00a0The voice\u00a0\u00bb a \u00e9t\u00e9 retrouv\u00e9 mort \u00e0 Valence &#8211; Son d\u00e9c\u00e8s serait li\u00e9 \u00e0 une pneumonie attrap\u00e9e apr\u00e8s une grave maladie"},"content":{"rendered":"<p>\n\tConnu pour son interpr&eacute;tation de C&eacute;sar dans la s&eacute;rie Un, Dos, Tres, le chanteur et danseur Edu del Prado est mort &agrave; l&#39;&acirc;ge de 40 ans &agrave; Valence en Espagne.\n<\/p>\n<p>\n\tSelon la presse espagnole, le com&eacute;dien &acirc;g&eacute; de 40 ans a &eacute;t&eacute; retrouv&eacute; mort hier, samedi 23 juin &agrave; Valence.&nbsp;La Vanguardia&nbsp;r&eacute;v&egrave;le que le d&eacute;c&egrave;s d&rsquo;Edu del Prado serait d&ucirc; &agrave; une pneumonie contract&eacute;e apr&egrave;s une grave maladie.\n<\/p>\n<p>\n\tN&eacute; le 17 ao&ucirc;t 1977 d&rsquo;une m&egrave;re andalouse et d&rsquo;un p&egrave;re guin&eacute;en, Edu Del Prado &eacute;tait devenu une star en Espagne d&egrave;s l&rsquo;&acirc;ge de 20 ans. Avant son apparition dans Un, Dos, Tres, Edu del Prado a sorti &agrave; l&#39;&acirc;ge de 20 ans un disque, Edu, qui a remport&eacute; un grand succ&egrave;s dans son pays. Il a aussi particip&eacute; &agrave; l&#39;adaptation espagnole de Notre-Dame de Paris et a form&eacute; avec Miguel Angel Mu&ntilde;oz et Elisabeth Jordan le groupe UPA Dance.\n<\/p>\n<p>\n\tEnsemble, ils ont r&eacute;alis&eacute; Contigo, un album devenu disque d&#39;or en seulement deux semaines en 2005.\n<\/p>\n<p>\n\tEn 2007, Edu del Prado est embauch&eacute; comme professeur de chant pour la septi&egrave;me saison de la Star Academy sur TF1.\n<\/p>\n<p>\n\tSept ans plus tard, il est de retour sur la cha&icirc;ne, mais comme candidat de The Voice. Gr&acirc;ce &agrave; son interpr&eacute;tation de Listen de Beyonc&eacute;, il a pu rejoindre l&#39;&eacute;quipe de Florent Pagny, mais a d&ucirc; s&#39;incliner face aux autres candidats &agrave; l&#39;&eacute;preuve des battles<\/p>\n","protected":false},"excerpt":{"rendered":"<p>Connu pour son interpr&eacute;tation de C&eacute;sar dans la s&eacute;rie Un, Dos, Tres, le chanteur et danseur Edu del Prado est mort &agrave; l&#39;&acirc;ge de 40 ans &agrave; Valence en Espagne. Selon la presse espagnole, le com&eacute;dien &acirc;g&eacute; de 40 ans a &eacute;t&eacute; retrouv&eacute; mort hier, samedi 23 juin &agrave; Valence.&nbsp;La Vanguardia&nbsp;r&eacute;v&egrave;le que le d&eacute;c&egrave;s d&rsquo;Edu [&hellip;]<\/p>\n","protected":false},"author":2,"featured_media":9595,"comment_status":"open","ping_status":"open","sticky":false,"template":"","format":"standard","meta":{"_jetpack_memberships_contains_paid_content":false,"footnotes":"","jetpack_publicize_message":"","jetpack_publicize_feature_enabled":true,"jetpack_social_post_already_shared":true,"jetpack_social_options":{"image_generator_settings":{"template":"highway","default_image_id":0,"font":"","enabled":false},"version":2},"_wpas_customize_per_network":false},"categories":[68],"tags":[2393],"class_list":["post-9594","post","type-post","status-publish","format-standard","has-post-thumbnail","hentry","category-actu-culturelle","tag-edu-del-prado"],"jetpack_publicize_connections":[],"jetpack_featured_media_url":"https:\/\/i0.wp.com\/www.iceagetv.com\/radiosite\/wp-content\/uploads\/2018\/06\/Edu-del-Prado.jpeg?fit=750%2C324&ssl=1","jetpack_sharing_enabled":true,"_links":{"self":[{"href":"https:\/\/www.iceagetv.com\/radiosite\/wp-json\/wp\/v2\/posts\/9594","targetHints":{"allow":["GET"]}}],"collection":[{"href":"https:\/\/www.iceagetv.com\/radiosite\/wp-json\/wp\/v2\/posts"}],"about":[{"href":"https:\/\/www.iceagetv.com\/radiosite\/wp-json\/wp\/v2\/types\/post"}],"author":[{"embeddable":true,"href":"https:\/\/www.iceagetv.com\/radiosite\/wp-json\/wp\/v2\/users\/2"}],"replies":[{"embeddable":true,"href":"https:\/\/www.iceagetv.com\/radiosite\/wp-json\/wp\/v2\/comments?post=9594"}],"version-history":[{"count":1,"href":"https:\/\/www.iceagetv.com\/radiosite\/wp-json\/wp\/v2\/posts\/9594\/revisions"}],"predecessor-version":[{"id":9596,"href":"https:\/\/www.iceagetv.com\/radiosite\/wp-json\/wp\/v2\/posts\/9594\/revisions\/9596"}],"wp:featuredmedia":[{"embeddable":true,"href":"https:\/\/www.iceagetv.com\/radiosite\/wp-json\/wp\/v2\/media\/9595"}],"wp:attachment":[{"href":"https:\/\/www.iceagetv.com\/radiosite\/wp-json\/wp\/v2\/media?parent=9594"}],"wp:term":[{"taxonomy":"category","embeddable":true,"href":"https:\/\/www.iceagetv.com\/radiosite\/wp-json\/wp\/v2\/categories?post=9594"},{"taxonomy":"post_tag","embeddable":true,"href":"https:\/\/www.iceagetv.com\/radiosite\/wp-json\/wp\/v2\/tags?post=9594"}],"curies":[{"name":"wp","href":"https:\/\/api.w.org\/{rel}","templated":true}]}}