{"id":9600,"date":"2018-06-25T08:32:57","date_gmt":"2018-06-25T08:32:57","guid":{"rendered":"http:\/\/www.iceagetv.com\/radiosite\/?p=9600"},"modified":"2018-06-25T08:32:57","modified_gmt":"2018-06-25T08:32:57","slug":"soupconnes-de-vouloir-attaquer-des-musulmans-10-proches-de-lultradroite-arretes","status":"publish","type":"post","link":"https:\/\/www.iceagetv.com\/radiosite\/soupconnes-de-vouloir-attaquer-des-musulmans-10-proches-de-lultradroite-arretes\/","title":{"rendered":"Soup\u00e7onn\u00e9s de vouloir attaquer des musulmans, 10 proches de l&rsquo;ultradroite arr\u00eat\u00e9s"},"content":{"rendered":"<p>\n\tDix personnes li&eacute;es &agrave; l&#39;ultradroite radicale&nbsp;ont &eacute;t&eacute; interpell&eacute;es&nbsp;samedi soir par les services antiterroristes dans le cadre d&#39;une enqu&ecirc;te sur un projet d&#39;attaque ciblant des musulmans, a appris dimanche l&#39;AFP de sources judiciaire et proches de l&#39;enqu&ecirc;te.\n<\/p>\n<p>\n\tLes interpellations ont notamment eu lieu en Corse, en Gironde, en Vienne et en Charente, selon&nbsp;des informations de LCILes surveillances de la Direction g&eacute;n&eacute;rale de la s&eacute;curit&eacute; int&eacute;rieure (DGSI) ont montr&eacute; qu&#39;&quot;ils &eacute;taient organis&eacute;s et en lien pour &eacute;ventuellement commettre des actions violentes contre des cibles pr&eacute;sum&eacute;es en lien avec l&#39;islam radical&quot;, a pr&eacute;cis&eacute; une source proche de l&#39;enqu&ecirc;te &agrave; l&#39;AFP.\n<\/p>\n<p>\n\tDes armes saisies, un ancien policier parmi les suspects\n<\/p>\n<p>\n\tLes &eacute;changes intercept&eacute;s par la DGSI ont montr&eacute; que les suspects voulaient se procurer des armes. Des armes ont &eacute;galement &eacute;t&eacute; saisies au cours de diff&eacute;rentes perquisitions.\n<\/p>\n<p>\n\tL&#39;enqu&ecirc;te devra d&eacute;terminer le degr&eacute; d&#39;avancement et de maturit&eacute; de leur projet.\n<\/p>\n<p>\n\tSelon&nbsp;des informations du &quot;Parisien&quot;, un policier retrait&eacute; de 65 ans figure parmi les interpell&eacute;s. Il est suspect&eacute; de diriger le groupe d&#39;ultradroite AFO (Action des forces op&eacute;rationnelles), une structure qui ambitionne de lutter contre ce qu&#39;elle consid&egrave;re comme un p&eacute;ril islamiste. Parmi les cibles potentielles du groupe, toujours selon &quot;le Parisien&quot;, &quot;des imams radicaux, des d&eacute;tenus islamistes ou encore des femmes voil&eacute;es choisies au hasard&quot;.\n<\/p>\n<p>\n\tCes interpellations ont &eacute;t&eacute; men&eacute;es par des policiers de la DGSI sur commission rogatoire d&#39;un juge antiterroriste, dans le cadre d&#39;une information judiciaire ouverte &agrave; Paris le 14 juin du chef d&#39;&quot;association de malfaiteurs terroriste criminelle&quot;.\n<\/p>\n<p>\n\tTous sont plac&eacute;s en garde &agrave; vue pour 96 heures..<\/p>\n","protected":false},"excerpt":{"rendered":"<p>Dix personnes li&eacute;es &agrave; l&#39;ultradroite radicale&nbsp;ont &eacute;t&eacute; interpell&eacute;es&nbsp;samedi soir par les services antiterroristes dans le cadre d&#39;une enqu&ecirc;te sur un projet d&#39;attaque ciblant des musulmans, a appris dimanche l&#39;AFP de sources judiciaire et proches de l&#39;enqu&ecirc;te. Les interpellations ont notamment eu lieu en Corse, en Gironde, en Vienne et en Charente, selon&nbsp;des informations de LCILes [&hellip;]<\/p>\n","protected":false},"author":2,"featured_media":9601,"comment_status":"open","ping_status":"open","sticky":false,"template":"","format":"standard","meta":{"_jetpack_memberships_contains_paid_content":false,"footnotes":"","jetpack_publicize_message":"","jetpack_publicize_feature_enabled":true,"jetpack_social_post_already_shared":true,"jetpack_social_options":{"image_generator_settings":{"template":"highway","default_image_id":0,"font":"","enabled":false},"version":2},"_wpas_customize_per_network":false},"categories":[405],"tags":[2394],"class_list":["post-9600","post","type-post","status-publish","format-standard","has-post-thumbnail","hentry","category-actu-france-monde","tag-soupconnes-de-vouloir-attaquer-des-musulmans"],"jetpack_publicize_connections":[],"jetpack_featured_media_url":"https:\/\/i0.wp.com\/www.iceagetv.com\/radiosite\/wp-content\/uploads\/2018\/06\/Soup%C3%A7onn%C3%A9s-de-vouloir-attaquer-des-musulmans.jpg?fit=633%2C306&ssl=1","jetpack_sharing_enabled":true,"_links":{"self":[{"href":"https:\/\/www.iceagetv.com\/radiosite\/wp-json\/wp\/v2\/posts\/9600","targetHints":{"allow":["GET"]}}],"collection":[{"href":"https:\/\/www.iceagetv.com\/radiosite\/wp-json\/wp\/v2\/posts"}],"about":[{"href":"https:\/\/www.iceagetv.com\/radiosite\/wp-json\/wp\/v2\/types\/post"}],"author":[{"embeddable":true,"href":"https:\/\/www.iceagetv.com\/radiosite\/wp-json\/wp\/v2\/users\/2"}],"replies":[{"embeddable":true,"href":"https:\/\/www.iceagetv.com\/radiosite\/wp-json\/wp\/v2\/comments?post=9600"}],"version-history":[{"count":1,"href":"https:\/\/www.iceagetv.com\/radiosite\/wp-json\/wp\/v2\/posts\/9600\/revisions"}],"predecessor-version":[{"id":9602,"href":"https:\/\/www.iceagetv.com\/radiosite\/wp-json\/wp\/v2\/posts\/9600\/revisions\/9602"}],"wp:featuredmedia":[{"embeddable":true,"href":"https:\/\/www.iceagetv.com\/radiosite\/wp-json\/wp\/v2\/media\/9601"}],"wp:attachment":[{"href":"https:\/\/www.iceagetv.com\/radiosite\/wp-json\/wp\/v2\/media?parent=9600"}],"wp:term":[{"taxonomy":"category","embeddable":true,"href":"https:\/\/www.iceagetv.com\/radiosite\/wp-json\/wp\/v2\/categories?post=9600"},{"taxonomy":"post_tag","embeddable":true,"href":"https:\/\/www.iceagetv.com\/radiosite\/wp-json\/wp\/v2\/tags?post=9600"}],"curies":[{"name":"wp","href":"https:\/\/api.w.org\/{rel}","templated":true}]}}