{"id":9670,"date":"2018-07-01T11:08:26","date_gmt":"2018-07-01T11:08:26","guid":{"rendered":"http:\/\/www.iceagetv.com\/radiosite\/?p=9670"},"modified":"2018-07-01T11:08:26","modified_gmt":"2018-07-01T11:08:26","slug":"le-braqueur-recidiviste-redoine-faid-sest-evade-dune-prison-de-seine-et-marne-a-laide-dun-helicoptere-qui-a-ete-retrouve-brule-il-setait-deja-evade-de-la-prison-de-sequedin-le-13-avril-201","status":"publish","type":"post","link":"https:\/\/www.iceagetv.com\/radiosite\/le-braqueur-recidiviste-redoine-faid-sest-evade-dune-prison-de-seine-et-marne-a-laide-dun-helicoptere-qui-a-ete-retrouve-brule-il-setait-deja-evade-de-la-prison-de-sequedin-le-13-avril-201\/","title":{"rendered":"Le braqueur r\u00e9cidiviste Redoine Fa\u00efd s&rsquo;est \u00e9vad\u00e9 d&rsquo;une prison de Seine-et-Marne \u00e0 l&rsquo;aide d&rsquo;un h\u00e9licopt\u00e8re qui a \u00e9t\u00e9 retrouv\u00e9 br\u00fbl\u00e9 &#8211; Il s&rsquo;\u00e9tait d\u00e9j\u00e0 \u00e9vad\u00e9 de la prison de Sequedin le 13 avril 2013"},"content":{"rendered":"<p>\n\tCe que l&#39;on sait de cette &eacute;vasion\n<\/p>\n<p>\n\tLe braqueur r&eacute;cidiviste Redouane Fa&iuml;d s&rsquo;est &eacute;vad&eacute; de la prison de Reau, en Seine-et-Marne, selon les informations de France 3, . Il a &eacute;t&eacute; extrait du parloir de la prison par trois complices lourdement arm&eacute;s qui l&rsquo;ont &eacute;vacu&eacute; par h&eacute;licopt&egrave;re qui s&rsquo;&eacute;tait pos&eacute; dans la cour d&rsquo;honneur de la prison. Selon une source syndicale, l&rsquo;h&eacute;licopt&egrave;re a &eacute;t&eacute; aper&ccedil;u dans le secteur du Bourget o&ugrave; il se serait pos&eacute;e et a ensuite &eacute;t&eacute; brul&eacute;.\n<\/p>\n<p>\n\tCe n&rsquo;est pas la premi&egrave;re fois que Redouane Faid parvient &agrave; s&rsquo;&eacute;chapper d&rsquo;un &eacute;tablissement p&eacute;nitentiaire. Le 13 avril 2013, il s&rsquo;&eacute;tait &eacute;vad&eacute; en moins d&rsquo;une demi-heure de la prison de S&eacute;quedin, dans le Nord, prenant quatre surveillants en otage, utilis&eacute;s ensuite comme boucliers humains, et faisait exploser cinq portes au plastic avant d&#39;&ecirc;tre r&eacute;cup&eacute;r&eacute; en voiture par un complice.Une source polici&egrave;re affirme &agrave; France 3 que trois individus &eacute;quip&eacute;s d&#39;armes de guerre ont extrait le braqueur des parloirs jusqu&#39;&agrave; un h&eacute;licopt&egrave;re pos&eacute; &agrave; proximit&eacute;. L&#39;engin a depuis &eacute;t&eacute; retrouv&eacute; br&ucirc;l&eacute; pr&egrave;s du Bourget (Seine-Saint-Denis).Condamn&eacute; &agrave; dix-huit ans de prison en mars 2016, Redoine Fa&iuml;d a &eacute;t&eacute; d&eacute;clar&eacute; coupable pour avoir particip&eacute; au projet de braquage d&#39;un fourgon blind&eacute;, qui a co&ucirc;t&eacute; la vie &agrave; Aur&eacute;lie Fouquet, polici&egrave;re municipale de 26 ans, le 20 mai 2010 &agrave; Villiers-sur-Marne (Val-de-Marne). Jug&eacute; pour sa participation au braquage, &laquo;association de malfaiteurs&raquo; et &laquo;d&eacute;tention d&#39;armes&raquo;, il est accus&eacute; d&#39;avoir &eacute;t&eacute; en lien avec les principaux protagonistes de cette affaire, originaires, comme lui, de la ville de Creil (Oise), qu&#39;il a pour la plupart c&ocirc;toy&eacute;s derri&egrave;re les barreaux. D&eacute;sign&eacute; par le pr&eacute;sident comme le principal &laquo;cerveau&raquo; de l&#39;op&eacute;ration, Redoine Fa&iuml;d, habitu&eacute; des tribunaux, avait pourtant employ&eacute; toute son &eacute;nergie &agrave; r&eacute;p&eacute;ter &agrave; quel point il &eacute;tait &laquo;&eacute;tranger&raquo; &agrave; ce braquage avort&eacute;.Selon les informations de France 3, le braqueur r&eacute;cidiviste Redoine Fa&iuml;d s&#39;est &eacute;vad&eacute; d&#39;une prison de Seine-et-Marne &agrave; l&#39;aide d&#39;un h&eacute;licopt&egrave;re.\n<\/p>\n<p>\n\tIl s&#39;&eacute;tait d&eacute;j&agrave; &eacute;vad&eacute; de la prison de Sequedin le 13 avril 2013.<\/p>\n","protected":false},"excerpt":{"rendered":"<p>Ce que l&#39;on sait de cette &eacute;vasion Le braqueur r&eacute;cidiviste Redouane Fa&iuml;d s&rsquo;est &eacute;vad&eacute; de la prison de Reau, en Seine-et-Marne, selon les informations de France 3, . Il a &eacute;t&eacute; extrait du parloir de la prison par trois complices lourdement arm&eacute;s qui l&rsquo;ont &eacute;vacu&eacute; par h&eacute;licopt&egrave;re qui s&rsquo;&eacute;tait pos&eacute; dans la cour d&rsquo;honneur de [&hellip;]<\/p>\n","protected":false},"author":2,"featured_media":9671,"comment_status":"open","ping_status":"open","sticky":false,"template":"","format":"standard","meta":{"_jetpack_memberships_contains_paid_content":false,"footnotes":"","jetpack_publicize_message":"","jetpack_publicize_feature_enabled":true,"jetpack_social_post_already_shared":true,"jetpack_social_options":{"image_generator_settings":{"template":"highway","default_image_id":0,"font":"","enabled":false},"version":2},"_wpas_customize_per_network":false},"categories":[405],"tags":[2411],"class_list":["post-9670","post","type-post","status-publish","format-standard","has-post-thumbnail","hentry","category-actu-france-monde","tag-le-braqueur-recidiviste-redoine-faid"],"jetpack_publicize_connections":[],"jetpack_featured_media_url":"https:\/\/i0.wp.com\/www.iceagetv.com\/radiosite\/wp-content\/uploads\/2018\/07\/Le-braqueur-r%C3%A9cidiviste-Redoine-Fa%C3%AFd.jpg?fit=750%2C324&ssl=1","jetpack_sharing_enabled":true,"_links":{"self":[{"href":"https:\/\/www.iceagetv.com\/radiosite\/wp-json\/wp\/v2\/posts\/9670","targetHints":{"allow":["GET"]}}],"collection":[{"href":"https:\/\/www.iceagetv.com\/radiosite\/wp-json\/wp\/v2\/posts"}],"about":[{"href":"https:\/\/www.iceagetv.com\/radiosite\/wp-json\/wp\/v2\/types\/post"}],"author":[{"embeddable":true,"href":"https:\/\/www.iceagetv.com\/radiosite\/wp-json\/wp\/v2\/users\/2"}],"replies":[{"embeddable":true,"href":"https:\/\/www.iceagetv.com\/radiosite\/wp-json\/wp\/v2\/comments?post=9670"}],"version-history":[{"count":1,"href":"https:\/\/www.iceagetv.com\/radiosite\/wp-json\/wp\/v2\/posts\/9670\/revisions"}],"predecessor-version":[{"id":9672,"href":"https:\/\/www.iceagetv.com\/radiosite\/wp-json\/wp\/v2\/posts\/9670\/revisions\/9672"}],"wp:featuredmedia":[{"embeddable":true,"href":"https:\/\/www.iceagetv.com\/radiosite\/wp-json\/wp\/v2\/media\/9671"}],"wp:attachment":[{"href":"https:\/\/www.iceagetv.com\/radiosite\/wp-json\/wp\/v2\/media?parent=9670"}],"wp:term":[{"taxonomy":"category","embeddable":true,"href":"https:\/\/www.iceagetv.com\/radiosite\/wp-json\/wp\/v2\/categories?post=9670"},{"taxonomy":"post_tag","embeddable":true,"href":"https:\/\/www.iceagetv.com\/radiosite\/wp-json\/wp\/v2\/tags?post=9670"}],"curies":[{"name":"wp","href":"https:\/\/api.w.org\/{rel}","templated":true}]}}