{"id":9683,"date":"2018-07-03T18:39:30","date_gmt":"2018-07-03T18:39:30","guid":{"rendered":"http:\/\/www.iceagetv.com\/radiosite\/?p=9683"},"modified":"2018-07-03T18:39:30","modified_gmt":"2018-07-03T18:39:30","slug":"menaces-dattaques-contre-des-musulmans-le-chef-de-file-presume-dun-groupe-dultradroite-libere-sous-conditions","status":"publish","type":"post","link":"https:\/\/www.iceagetv.com\/radiosite\/menaces-dattaques-contre-des-musulmans-le-chef-de-file-presume-dun-groupe-dultradroite-libere-sous-conditions\/","title":{"rendered":"Menaces d&rsquo;attaques contre des musulmans : le chef de file pr\u00e9sum\u00e9 d&rsquo;un groupe d&rsquo;ultradroite lib\u00e9r\u00e9 sous conditions"},"content":{"rendered":"<p>\n\tLe chef de file pr&eacute;sum&eacute;&nbsp;d&#39;un groupe d&#39;ultradroite, dont les autorit&eacute;s redoutaient&nbsp;&quot;un passage &agrave; l&#39;acte violent&quot;&nbsp;contre des musulmans, a &eacute;t&eacute; remis en libert&eacute; sous contr&ocirc;le judiciaire tout comme un autre suspect, a indiqu&eacute; une source judiciaire &agrave; franceinfo.&nbsp;&quot;Les deux mis en examen qui avaient sollicit&eacute; un d&eacute;bat diff&eacute;r&eacute; ont &eacute;t&eacute; plac&eacute;s sous contr&ocirc;le judiciaire par le juge des libert&eacute;s de la d&eacute;tention&quot;, a pr&eacute;cis&eacute; cette source.\n<\/p>\n<p>\n\tLe parquet a choisi d&#39;interjeter appel concernant la remise en libert&eacute; de&nbsp;Guy S., le&nbsp;meneur pr&eacute;sum&eacute; du groupe. Ce dernier et un autre membre de ce groupe nomm&eacute; Action des forces op&eacute;rationnelles (AFO) avaient &eacute;t&eacute; incarc&eacute;r&eacute;s le mercredi 27 juin dans l&#39;attente d&#39;un d&eacute;bat ult&eacute;rieur sur leur d&eacute;tention provisoire.\n<\/p>\n<p>\n\tGuy S., un policier &agrave; la retraite, avait la volont&eacute; de constituer un groupe d&#39;action&nbsp;&quot;plus dur&quot;, selon une source cit&eacute;e par l&#39;AFP.&nbsp;Il est &acirc;g&eacute; de 65 ans et vit &agrave; Tonnay-Charente, (Charente-Maritime), selon les informations du&nbsp;Parisien.<\/p>\n","protected":false},"excerpt":{"rendered":"<p>Le chef de file pr&eacute;sum&eacute;&nbsp;d&#39;un groupe d&#39;ultradroite, dont les autorit&eacute;s redoutaient&nbsp;&quot;un passage &agrave; l&#39;acte violent&quot;&nbsp;contre des musulmans, a &eacute;t&eacute; remis en libert&eacute; sous contr&ocirc;le judiciaire tout comme un autre suspect, a indiqu&eacute; une source judiciaire &agrave; franceinfo.&nbsp;&quot;Les deux mis en examen qui avaient sollicit&eacute; un d&eacute;bat diff&eacute;r&eacute; ont &eacute;t&eacute; plac&eacute;s sous contr&ocirc;le judiciaire par le [&hellip;]<\/p>\n","protected":false},"author":2,"featured_media":9684,"comment_status":"open","ping_status":"open","sticky":false,"template":"","format":"standard","meta":{"_jetpack_memberships_contains_paid_content":false,"footnotes":"","jetpack_publicize_message":"","jetpack_publicize_feature_enabled":true,"jetpack_social_post_already_shared":true,"jetpack_social_options":{"image_generator_settings":{"template":"highway","default_image_id":0,"font":"","enabled":false},"version":2},"_wpas_customize_per_network":false},"categories":[405],"tags":[2415],"class_list":["post-9683","post","type-post","status-publish","format-standard","has-post-thumbnail","hentry","category-actu-france-monde","tag-menaces-dattaques-contre-des-musulmans"],"jetpack_publicize_connections":[],"jetpack_featured_media_url":"https:\/\/i0.wp.com\/www.iceagetv.com\/radiosite\/wp-content\/uploads\/2018\/07\/Menaces-dattaques-contre-des-musulmans.jpg?fit=1197%2C450&ssl=1","jetpack_sharing_enabled":true,"_links":{"self":[{"href":"https:\/\/www.iceagetv.com\/radiosite\/wp-json\/wp\/v2\/posts\/9683","targetHints":{"allow":["GET"]}}],"collection":[{"href":"https:\/\/www.iceagetv.com\/radiosite\/wp-json\/wp\/v2\/posts"}],"about":[{"href":"https:\/\/www.iceagetv.com\/radiosite\/wp-json\/wp\/v2\/types\/post"}],"author":[{"embeddable":true,"href":"https:\/\/www.iceagetv.com\/radiosite\/wp-json\/wp\/v2\/users\/2"}],"replies":[{"embeddable":true,"href":"https:\/\/www.iceagetv.com\/radiosite\/wp-json\/wp\/v2\/comments?post=9683"}],"version-history":[{"count":1,"href":"https:\/\/www.iceagetv.com\/radiosite\/wp-json\/wp\/v2\/posts\/9683\/revisions"}],"predecessor-version":[{"id":9685,"href":"https:\/\/www.iceagetv.com\/radiosite\/wp-json\/wp\/v2\/posts\/9683\/revisions\/9685"}],"wp:featuredmedia":[{"embeddable":true,"href":"https:\/\/www.iceagetv.com\/radiosite\/wp-json\/wp\/v2\/media\/9684"}],"wp:attachment":[{"href":"https:\/\/www.iceagetv.com\/radiosite\/wp-json\/wp\/v2\/media?parent=9683"}],"wp:term":[{"taxonomy":"category","embeddable":true,"href":"https:\/\/www.iceagetv.com\/radiosite\/wp-json\/wp\/v2\/categories?post=9683"},{"taxonomy":"post_tag","embeddable":true,"href":"https:\/\/www.iceagetv.com\/radiosite\/wp-json\/wp\/v2\/tags?post=9683"}],"curies":[{"name":"wp","href":"https:\/\/api.w.org\/{rel}","templated":true}]}}