{"id":9796,"date":"2018-07-30T18:55:29","date_gmt":"2018-07-30T18:55:29","guid":{"rendered":"http:\/\/www.iceagetv.com\/radiosite\/?p=9796"},"modified":"2018-07-30T18:55:29","modified_gmt":"2018-07-30T18:55:29","slug":"lalerte-orange-a-la-canicule-est-etendue-aux-alpes-maritimes-au-gard-a-lherault-lisere-et-au-vaucluse-soit-desormais-9-departements-voici-la-carte-dalerte","status":"publish","type":"post","link":"https:\/\/www.iceagetv.com\/radiosite\/lalerte-orange-a-la-canicule-est-etendue-aux-alpes-maritimes-au-gard-a-lherault-lisere-et-au-vaucluse-soit-desormais-9-departements-voici-la-carte-dalerte\/","title":{"rendered":"L&rsquo;alerte orange \u00e0 la canicule est \u00e9tendue aux Alpes-Maritimes, au Gard, \u00e0 l&rsquo;H\u00e9rault, l&rsquo;Is\u00e8re et au Vaucluse, soit d\u00e9sormais 9 d\u00e9partements &#8211; Voici la carte d&rsquo;alerte"},"content":{"rendered":"<p>\n\tL&#39;alerte orange &agrave; la canicule est &eacute;tendue aux Alpes-Maritimes, au Gard, &agrave; l&#39;H&eacute;rault, l&#39;Is&egrave;re et au Vaucluse. Neuf d&eacute;partements sont d&eacute;sormais concern&eacute;s par cette vigilance (l&#39;Ard&egrave;che, la Dr&ocirc;me, les Pyr&eacute;n&eacute;es-Orientales et le Rh&ocirc;ne figuraient d&eacute;j&agrave; dans le dispositif de M&eacute;t&eacute;o France).Le d&eacute;partement des Pyr&eacute;n&eacute;es-Orientales est &agrave; son tour plac&eacute; en vigilance orange &agrave; la caniculeTrois d&eacute;partements restent en vigilance orange selon M&eacute;t&eacute;o-France, en raison de la canicule qui s&eacute;vit depuis plusieurs jours d&eacute;j&agrave;. L&rsquo;alerte a &eacute;t&eacute; lev&eacute;e dans la matin&eacute;e dans dix-huit d&eacute;partements, mais elle est maintenue dans trois autres de la vall&eacute;e du Rh&ocirc;ne : l&rsquo;Ard&egrave;che, la Dr&ocirc;me et le Rh&ocirc;ne. Depuis la fin du mois de juin, les temp&eacute;ratures sont rest&eacute;es chaudes dans l&rsquo;ensemble du pays, notamment dans la moiti&eacute; nord de l&rsquo;Hexagone, o&ugrave; elles ont &eacute;t&eacute; en moyenne 2 &agrave; 4 &deg;C au-dessus des valeurs de saison. Samedi matin, on relevait entre 17 et 20 &deg;C des Hauts-de-France &agrave; l&rsquo;Ile-de-France. Les temp&eacute;ratures restaient plus &eacute;lev&eacute;es dans la r&eacute;gion lyonnaise et dans la vall&eacute;e du Rh&ocirc;ne, avec 21 &agrave; 25 &deg;C..<\/p>\n","protected":false},"excerpt":{"rendered":"<p>L&#39;alerte orange &agrave; la canicule est &eacute;tendue aux Alpes-Maritimes, au Gard, &agrave; l&#39;H&eacute;rault, l&#39;Is&egrave;re et au Vaucluse. Neuf d&eacute;partements sont d&eacute;sormais concern&eacute;s par cette vigilance (l&#39;Ard&egrave;che, la Dr&ocirc;me, les Pyr&eacute;n&eacute;es-Orientales et le Rh&ocirc;ne figuraient d&eacute;j&agrave; dans le dispositif de M&eacute;t&eacute;o France).Le d&eacute;partement des Pyr&eacute;n&eacute;es-Orientales est &agrave; son tour plac&eacute; en vigilance orange &agrave; la caniculeTrois [&hellip;]<\/p>\n","protected":false},"author":2,"featured_media":9797,"comment_status":"open","ping_status":"open","sticky":false,"template":"","format":"standard","meta":{"_jetpack_memberships_contains_paid_content":false,"footnotes":"","jetpack_publicize_message":"","jetpack_publicize_feature_enabled":true,"jetpack_social_post_already_shared":true,"jetpack_social_options":{"image_generator_settings":{"template":"highway","default_image_id":0,"font":"","enabled":false},"version":2},"_wpas_customize_per_network":false},"categories":[14],"tags":[2447],"class_list":["post-9796","post","type-post","status-publish","format-standard","has-post-thumbnail","hentry","category-actu-meteo","tag-alerte-orange-a-la-canicule"],"jetpack_publicize_connections":[],"jetpack_featured_media_url":"https:\/\/i0.wp.com\/www.iceagetv.com\/radiosite\/wp-content\/uploads\/2018\/07\/alerte-orange-%C3%A0-la-canicule.png?fit=750%2C324&ssl=1","jetpack_sharing_enabled":true,"_links":{"self":[{"href":"https:\/\/www.iceagetv.com\/radiosite\/wp-json\/wp\/v2\/posts\/9796","targetHints":{"allow":["GET"]}}],"collection":[{"href":"https:\/\/www.iceagetv.com\/radiosite\/wp-json\/wp\/v2\/posts"}],"about":[{"href":"https:\/\/www.iceagetv.com\/radiosite\/wp-json\/wp\/v2\/types\/post"}],"author":[{"embeddable":true,"href":"https:\/\/www.iceagetv.com\/radiosite\/wp-json\/wp\/v2\/users\/2"}],"replies":[{"embeddable":true,"href":"https:\/\/www.iceagetv.com\/radiosite\/wp-json\/wp\/v2\/comments?post=9796"}],"version-history":[{"count":1,"href":"https:\/\/www.iceagetv.com\/radiosite\/wp-json\/wp\/v2\/posts\/9796\/revisions"}],"predecessor-version":[{"id":9798,"href":"https:\/\/www.iceagetv.com\/radiosite\/wp-json\/wp\/v2\/posts\/9796\/revisions\/9798"}],"wp:featuredmedia":[{"embeddable":true,"href":"https:\/\/www.iceagetv.com\/radiosite\/wp-json\/wp\/v2\/media\/9797"}],"wp:attachment":[{"href":"https:\/\/www.iceagetv.com\/radiosite\/wp-json\/wp\/v2\/media?parent=9796"}],"wp:term":[{"taxonomy":"category","embeddable":true,"href":"https:\/\/www.iceagetv.com\/radiosite\/wp-json\/wp\/v2\/categories?post=9796"},{"taxonomy":"post_tag","embeddable":true,"href":"https:\/\/www.iceagetv.com\/radiosite\/wp-json\/wp\/v2\/tags?post=9796"}],"curies":[{"name":"wp","href":"https:\/\/api.w.org\/{rel}","templated":true}]}}