{"id":9802,"date":"2018-07-31T16:53:59","date_gmt":"2018-07-31T16:53:59","guid":{"rendered":"http:\/\/www.iceagetv.com\/radiosite\/?p=9802"},"modified":"2018-07-31T16:53:59","modified_gmt":"2018-07-31T16:53:59","slug":"les-deux-detenus-qui-se-sont-evades-de-la-prison-de-colmar-hier-matin-ont-ete-arretes-a-roubaix-aujourdhui","status":"publish","type":"post","link":"https:\/\/www.iceagetv.com\/radiosite\/les-deux-detenus-qui-se-sont-evades-de-la-prison-de-colmar-hier-matin-ont-ete-arretes-a-roubaix-aujourdhui\/","title":{"rendered":"Les deux d\u00e9tenus qui se sont \u00e9vad\u00e9s de la prison de Colmar hier matin ont \u00e9t\u00e9 arr\u00eat\u00e9s \u00e0 Roubaix aujourd&rsquo;hui"},"content":{"rendered":"<p>\n\tLes deux d&eacute;tenus de la maison d&#39;arr&ecirc;t de Colmar&nbsp;qui s&#39;&eacute;taient &eacute;vad&eacute;s dans la nuit de dimanche &agrave; lundi ont &eacute;t&eacute; arr&ecirc;t&eacute;s aujourd&#39;hui&nbsp;&agrave; Roubaix (Nord) par les enqu&ecirc;teurs de la Direction centrale de la police judiciaire (DCPJ), a-t-on appris de source proche du dossier\n<\/p>\n<p>\n\tLes deux hommes, d&eacute;tenus &agrave; la maison d&#39;arr&ecirc;t de Colmar (Haut-Rhin), se sont &eacute;vad&eacute;s dans la nuit de dimanche &agrave; lundi apr&egrave;s avoir perc&eacute; le plafond de leur cellule pour filer ensuite par les toits. L&#39;&eacute;vasion de ces deux hommes, condamn&eacute;s pour des faits de vol, a &eacute;t&eacute; constat&eacute;e &quot;lundi matin &agrave; 6H30&quot;, a pr&eacute;cis&eacute; dans un communiqu&eacute; l&#39;administration p&eacute;nitentiaire.\n<\/p>\n<p>\n\tLes deux d&eacute;tenus, originaires des pays de l&#39;Est mais dont les &acirc;ges n&#39;ont pas &eacute;t&eacute; pr&eacute;cis&eacute;s, ont r&eacute;ussi &agrave; creuser le plafond de leur cellule avant de s&#39;&eacute;chapper par les toits, selon des sources concordantes.<\/p>\n","protected":false},"excerpt":{"rendered":"<p>Les deux d&eacute;tenus de la maison d&#39;arr&ecirc;t de Colmar&nbsp;qui s&#39;&eacute;taient &eacute;vad&eacute;s dans la nuit de dimanche &agrave; lundi ont &eacute;t&eacute; arr&ecirc;t&eacute;s aujourd&#39;hui&nbsp;&agrave; Roubaix (Nord) par les enqu&ecirc;teurs de la Direction centrale de la police judiciaire (DCPJ), a-t-on appris de source proche du dossier Les deux hommes, d&eacute;tenus &agrave; la maison d&#39;arr&ecirc;t de Colmar (Haut-Rhin), se [&hellip;]<\/p>\n","protected":false},"author":2,"featured_media":9803,"comment_status":"open","ping_status":"open","sticky":false,"template":"","format":"standard","meta":{"_jetpack_memberships_contains_paid_content":false,"footnotes":"","jetpack_publicize_message":"","jetpack_publicize_feature_enabled":true,"jetpack_social_post_already_shared":true,"jetpack_social_options":{"image_generator_settings":{"template":"highway","default_image_id":0,"font":"","enabled":false},"version":2},"_wpas_customize_per_network":false},"categories":[405],"tags":[2449],"class_list":["post-9802","post","type-post","status-publish","format-standard","has-post-thumbnail","hentry","category-actu-france-monde","tag-les-deux-detenus-qui-se-sont-evades-de-la-prison-de-colmar"],"jetpack_publicize_connections":[],"jetpack_featured_media_url":"https:\/\/i0.wp.com\/www.iceagetv.com\/radiosite\/wp-content\/uploads\/2018\/07\/Les-deux-d%C3%A9tenus-qui-se-sont-%C3%A9vad%C3%A9s-de-la-prison-de-Colmar.jpg?fit=750%2C324&ssl=1","jetpack_sharing_enabled":true,"_links":{"self":[{"href":"https:\/\/www.iceagetv.com\/radiosite\/wp-json\/wp\/v2\/posts\/9802","targetHints":{"allow":["GET"]}}],"collection":[{"href":"https:\/\/www.iceagetv.com\/radiosite\/wp-json\/wp\/v2\/posts"}],"about":[{"href":"https:\/\/www.iceagetv.com\/radiosite\/wp-json\/wp\/v2\/types\/post"}],"author":[{"embeddable":true,"href":"https:\/\/www.iceagetv.com\/radiosite\/wp-json\/wp\/v2\/users\/2"}],"replies":[{"embeddable":true,"href":"https:\/\/www.iceagetv.com\/radiosite\/wp-json\/wp\/v2\/comments?post=9802"}],"version-history":[{"count":1,"href":"https:\/\/www.iceagetv.com\/radiosite\/wp-json\/wp\/v2\/posts\/9802\/revisions"}],"predecessor-version":[{"id":9804,"href":"https:\/\/www.iceagetv.com\/radiosite\/wp-json\/wp\/v2\/posts\/9802\/revisions\/9804"}],"wp:featuredmedia":[{"embeddable":true,"href":"https:\/\/www.iceagetv.com\/radiosite\/wp-json\/wp\/v2\/media\/9803"}],"wp:attachment":[{"href":"https:\/\/www.iceagetv.com\/radiosite\/wp-json\/wp\/v2\/media?parent=9802"}],"wp:term":[{"taxonomy":"category","embeddable":true,"href":"https:\/\/www.iceagetv.com\/radiosite\/wp-json\/wp\/v2\/categories?post=9802"},{"taxonomy":"post_tag","embeddable":true,"href":"https:\/\/www.iceagetv.com\/radiosite\/wp-json\/wp\/v2\/tags?post=9802"}],"curies":[{"name":"wp","href":"https:\/\/api.w.org\/{rel}","templated":true}]}}