{"id":9805,"date":"2018-07-31T16:55:54","date_gmt":"2018-07-31T16:55:54","guid":{"rendered":"http:\/\/www.iceagetv.com\/radiosite\/?p=9805"},"modified":"2018-07-31T16:55:54","modified_gmt":"2018-07-31T16:55:54","slug":"affaire-benalla-la-motion-de-censure-deposee-par-les-republicains-est-rejetee-seuls-143-deputes-ont-vote-en-faveur-du-texte","status":"publish","type":"post","link":"https:\/\/www.iceagetv.com\/radiosite\/affaire-benalla-la-motion-de-censure-deposee-par-les-republicains-est-rejetee-seuls-143-deputes-ont-vote-en-faveur-du-texte\/","title":{"rendered":"Affaire Benalla: La motion de censure d\u00e9pos\u00e9e par Les R\u00e9publicains est rejet\u00e9e &#8211; Seuls 143 d\u00e9put\u00e9s ont vot\u00e9 en faveur du texte"},"content":{"rendered":"<p>\n\tLa motion de censure d&eacute;pos&eacute;e par Les R&eacute;publicains est rejet&eacute;e &#8211; Seuls 143 d&eacute;put&eacute;s ont vot&eacute; en faveur du texteCe qu&#39;il faut retenir des propos du Premier ministre, Edouard Philippe\n<\/p>\n<p>\n\tEdouard Philippe a d&eacute;nonc&eacute; mardi &laquo;l&rsquo;instrumentalisation politique&raquo; faite de l&rsquo;affaire Benalla par les oppositions et a assur&eacute; que son gouvernement n&rsquo;entendait pas &laquo;ralentir le rythme&raquo; des r&eacute;formes malgr&eacute; les deux motions de censure d&eacute;battues &agrave; l&rsquo;Assembl&eacute;e nationale.Vos motions de censure ne sont rien d&rsquo;autre que des motions de blocage&raquo;, a temp&ecirc;t&eacute; le Premier ministre devant les d&eacute;put&eacute;s, en fustigeant une &laquo;volont&eacute; d&rsquo;atteindre&raquo; Emmanuel Macron.\n<\/p>\n<p>\n\tL&rsquo;affaire Benalla n&rsquo;est que &laquo;l&rsquo;affaire de fautes individuelles, de compromissions insidieuses et de petits arrangements entre un charg&eacute; de mission et des policiers affect&eacute;s &agrave; la Pr&eacute;fecture de police de Paris&raquo;, a balay&eacute; M. Philippe, apr&egrave;s avoir &eacute;cout&eacute; le patron du groupe Les R&eacute;publicains Christian Jacob puis le chef de file des d&eacute;put&eacute;s communistes Andr&eacute; Chassaigne (pour le compte du PCF, LFI et PS) d&eacute;fendre chacun une motion de censure.\n<\/p>\n<p>\n\t&laquo;C&rsquo;est, je l&rsquo;ai dit, inacceptable&raquo;, a-t-il poursuivi, mais &laquo;ce qui devait &ecirc;tre fait a &eacute;t&eacute; fait&raquo; et &laquo;la d&eacute;mocratie a fonctionn&eacute;&raquo;, a estim&eacute; le chef du gouvernement en &eacute;voquant l&rsquo;ouverture d&rsquo;enqu&ecirc;tes judiciaire, parlementaires et administrative.\n<\/p>\n<p>\n\tLe Premier ministre a au passage appel&eacute; &agrave; la &laquo;mod&eacute;ration&raquo; les commissions d&rsquo;enqu&ecirc;te du S&eacute;nat et de l&rsquo;Assembl&eacute;e en estimant qu&rsquo;elles d&eacute;bordaient de leurs champs initiaux et entretenaient la &laquo;confusion avec le pouvoir judiciaire&raquo;.\n<\/p>\n<p>\n\tM. Philippe en a &eacute;galement profit&eacute; pour railler des &laquo;oppositions de rencontre&raquo; pr&ecirc;tes &agrave; voter des motions communes anim&eacute;es de &laquo;l&rsquo;espoir&raquo; suppos&eacute; &laquo;de ralentir le rythme de la transformation du pays&raquo;.\n<\/p>\n<p>\n\t&laquo;Nous ne ralentirons pas, nous ne l&acirc;cherons rien, nous irons jusqu&rsquo;au bout de notre projet&raquo;, leur a r&eacute;pondu le Premier ministre, avant de d&eacute;fendre l&rsquo;action de son gouvernement depuis un an.\n<\/p>\n<p>\n\t&laquo;Car enfin, que voulez-vous censurer&raquo;, leur a-t-il &eacute;galement lanc&eacute; avant d&rsquo;&eacute;voquer, en s&rsquo;adressant tant&ocirc;t aux bancs de droite, tant&ocirc;t aux bancs de gauche, les ordonnances r&eacute;formant le code du travail, la r&eacute;forme de la SNCF, &laquo;le redressement de nos finances publiques&raquo;, &laquo;le d&eacute;doublement des classes de CP et de CE1 dans les zones d&eacute;favoris&eacute;es&raquo; ou encore &laquo;l&rsquo;accord sur le z&eacute;ro reste &agrave; charge&raquo; sur les soins optiques, dentaires et auditifs.\n<\/p>\n<p>\n\t&laquo;S&rsquo;il s&rsquo;agit aujourd&rsquo;hui de motions de censure contre tout cela, je vous avoue que je ne crains pas le jugement de notre Assembl&eacute;e, pas plus que je ne crains le jugement des Fran&ccedil;ais&raquo;, a-t-il cingl&eacute;.\n<\/p>\n<p>\n\t&laquo;A la rentr&eacute;e, nous n&rsquo;avons nullement l&rsquo;intention de ralentir&raquo;, a-t-il conclu en affirmant que &laquo;beaucoup reste &agrave; faire&raquo;, et en citant notamment &laquo;la strat&eacute;gie de lutte contre la pauvret&eacute;&raquo; ou encore &laquo;la r&eacute;novation de nos institutions&raquo;.\n<\/p>\n<p>\n\t&laquo;Peut-&ecirc;tre est-ce pr&eacute;cis&eacute;ment ce qui vous inqui&egrave;te&raquo;, a-t-il enfin ironis&eacute;.<\/p>\n","protected":false},"excerpt":{"rendered":"<p>La motion de censure d&eacute;pos&eacute;e par Les R&eacute;publicains est rejet&eacute;e &#8211; Seuls 143 d&eacute;put&eacute;s ont vot&eacute; en faveur du texteCe qu&#39;il faut retenir des propos du Premier ministre, Edouard Philippe Edouard Philippe a d&eacute;nonc&eacute; mardi &laquo;l&rsquo;instrumentalisation politique&raquo; faite de l&rsquo;affaire Benalla par les oppositions et a assur&eacute; que son gouvernement n&rsquo;entendait pas &laquo;ralentir le rythme&raquo; [&hellip;]<\/p>\n","protected":false},"author":2,"featured_media":9806,"comment_status":"open","ping_status":"open","sticky":false,"template":"","format":"standard","meta":{"_jetpack_memberships_contains_paid_content":false,"footnotes":"","jetpack_publicize_message":"","jetpack_publicize_feature_enabled":true,"jetpack_social_post_already_shared":true,"jetpack_social_options":{"image_generator_settings":{"template":"highway","default_image_id":0,"font":"","enabled":false},"version":2},"_wpas_customize_per_network":false},"categories":[405],"tags":[2450],"class_list":["post-9805","post","type-post","status-publish","format-standard","has-post-thumbnail","hentry","category-actu-france-monde","tag-affaire-benalla"],"jetpack_publicize_connections":[],"jetpack_featured_media_url":"https:\/\/i0.wp.com\/www.iceagetv.com\/radiosite\/wp-content\/uploads\/2018\/07\/Affaire-Benalla.jpg?fit=750%2C324&ssl=1","jetpack_sharing_enabled":true,"_links":{"self":[{"href":"https:\/\/www.iceagetv.com\/radiosite\/wp-json\/wp\/v2\/posts\/9805","targetHints":{"allow":["GET"]}}],"collection":[{"href":"https:\/\/www.iceagetv.com\/radiosite\/wp-json\/wp\/v2\/posts"}],"about":[{"href":"https:\/\/www.iceagetv.com\/radiosite\/wp-json\/wp\/v2\/types\/post"}],"author":[{"embeddable":true,"href":"https:\/\/www.iceagetv.com\/radiosite\/wp-json\/wp\/v2\/users\/2"}],"replies":[{"embeddable":true,"href":"https:\/\/www.iceagetv.com\/radiosite\/wp-json\/wp\/v2\/comments?post=9805"}],"version-history":[{"count":1,"href":"https:\/\/www.iceagetv.com\/radiosite\/wp-json\/wp\/v2\/posts\/9805\/revisions"}],"predecessor-version":[{"id":9807,"href":"https:\/\/www.iceagetv.com\/radiosite\/wp-json\/wp\/v2\/posts\/9805\/revisions\/9807"}],"wp:featuredmedia":[{"embeddable":true,"href":"https:\/\/www.iceagetv.com\/radiosite\/wp-json\/wp\/v2\/media\/9806"}],"wp:attachment":[{"href":"https:\/\/www.iceagetv.com\/radiosite\/wp-json\/wp\/v2\/media?parent=9805"}],"wp:term":[{"taxonomy":"category","embeddable":true,"href":"https:\/\/www.iceagetv.com\/radiosite\/wp-json\/wp\/v2\/categories?post=9805"},{"taxonomy":"post_tag","embeddable":true,"href":"https:\/\/www.iceagetv.com\/radiosite\/wp-json\/wp\/v2\/tags?post=9805"}],"curies":[{"name":"wp","href":"https:\/\/api.w.org\/{rel}","templated":true}]}}