{"id":9839,"date":"2018-08-03T14:11:20","date_gmt":"2018-08-03T14:11:20","guid":{"rendered":"http:\/\/www.iceagetv.com\/radiosite\/?p=9839"},"modified":"2018-08-03T14:11:20","modified_gmt":"2018-08-03T14:11:20","slug":"canicule-la-charente-maritime-rejoint-les-66-departements-deja-places-en-vigilance-orange-par-meteo-france","status":"publish","type":"post","link":"https:\/\/www.iceagetv.com\/radiosite\/canicule-la-charente-maritime-rejoint-les-66-departements-deja-places-en-vigilance-orange-par-meteo-france\/","title":{"rendered":"Canicule: La Charente-Maritime rejoint les 66 d\u00e9partements d\u00e9j\u00e0 plac\u00e9s en vigilance orange par M\u00e9t\u00e9o France"},"content":{"rendered":"<p>\n\tLa Charente-Maritime rejoint les 66 d&eacute;partements d&eacute;j&agrave; plac&eacute;s en vigilance orange par M&eacute;t&eacute;o FranceM&eacute;t&eacute;o France vient de publier son nouveau bulletin de vigilance. Et ce sont toujours 66 d&eacute;partements qui sont en vigilance orange &quot;canicule&quot;&nbsp;A Paris, la pr&eacute;fecture a activ&eacute; le niveau 3 du plan canicule d&egrave;s jeudi matin, sans attendre le d&eacute;clenchement de la vigilance orange. La Ville devait ouvrir cinq parcs suppl&eacute;mentaires toute la nuit pour permettre aux Parisiens de se rafra&icirc;chir.\n<\/p>\n<p>\n\tNous sommes face &agrave; un &eacute;pisode qui malheureusement risque de se r&eacute;p&eacute;ter dans les ann&eacute;es qui viennent&raquo;, a ajout&eacute; Mme Buzyn: &laquo;Nous le craignons tous, avec le r&eacute;chauffement climatique, tous les m&eacute;t&eacute;orologues consid&egrave;rent que ces &eacute;v&egrave;nements vont s&rsquo;amplifier&raquo;. Les m&eacute;t&eacute;orologues pointent notamment le risque d&rsquo;un prolongement de la canicule en septembre, a-t-elle relev&eacute;.\n<\/p>\n<p>\n\t&laquo;Il faut qu&rsquo;on &eacute;largisse nos plans sur la dur&eacute;e, aujourd&rsquo;hui ils sont du 1er juin au 1er septembre. Nous allons peut-&ecirc;tre avoir &agrave; d&eacute;clencher ces plans beaucoup plus souvent dans l&rsquo;ann&eacute;e, sur des p&eacute;riodes prolong&eacute;es&raquo;, a-t-elle assur&eacute;, ce qui implique pour les &eacute;tablissements de sant&eacute; de se pr&eacute;parer &laquo;&agrave; avoir du personnel en renfort si besoin&raquo;.\n<\/p>\n<p>\n\tInterrog&eacute;e sur d&rsquo;&eacute;ventuels moyens suppl&eacute;mentaires pour les h&ocirc;pitaux dans ce contexte, Agn&egrave;s Buzyn a estim&eacute; qu&rsquo;aujourd&rsquo;hui &laquo;les difficult&eacute;s sont essentiellement li&eacute;es aux difficult&eacute;s de recrutement de personnels dans les urgences, c&rsquo;est &eacute;galement vrai dans les maison de retraite: le probl&egrave;me est celui de l&rsquo;attractivit&eacute; de ces m&eacute;tiers, de la p&eacute;nurie de m&eacute;decins urgentistes&raquo;.La situation sanitaire li&eacute;e &agrave; la canicule &eacute;tait jeudi &laquo;ma&icirc;tris&eacute;e&raquo; sur l&rsquo;essentiel de la France avec cependant &laquo;des tensions&raquo; dans le Grand Est, a d&eacute;clar&eacute; &agrave; la presse la ministre de la sant&eacute;, Agn&egrave;s Buzyn, lors d&rsquo;une visite aux urgences du CHU de N&icirc;mes.\n<\/p>\n<p>\n\t&laquo;Le point que nous avons fait aujourd&rsquo;hui montre qu&rsquo;il y a peu d&rsquo;h&ocirc;pitaux en tension, sauf dans la r&eacute;gion du Grand Est&raquo;, a pr&eacute;cis&eacute; la ministre apr&egrave;s une conf&eacute;rence en direct et par t&eacute;l&eacute;phone avec les Agences r&eacute;gionales de sant&eacute; et les services de l&rsquo;Etat.\n<\/p>\n<p>\n\t&laquo;Cela dit, nous savons que chez les personnes &acirc;g&eacute;es, les syndromes peuvent &ecirc;tre retard&eacute;s et comme cet &eacute;pisode va durer, nous restons extr&ecirc;mement vigilants et mobilis&eacute;s, pour assurer &eacute;galement un service d&rsquo;urgence fonctionnel toute la semaine prochaine o&ugrave; l&rsquo;afflux peut augmenter&raquo;, a-t-elle ajout&eacute;.\n<\/p>\n<p>\n\t&laquo;La situation est s&eacute;v&egrave;re&raquo;, a soulign&eacute; Mme Buzyn, au moment o&ugrave; M&eacute;t&eacute;o France pla&ccedil;ait 66 d&eacute;partements, soit les deux tiers de l&rsquo;Hexagone, en vigilance orange. &laquo;C&rsquo;est un &eacute;pisode qui va se prolonger, qui est de forte intensit&eacute;, qui va durer pr&egrave;s de deux semaines avec un pic de chaleur ce week-end auquel s&rsquo;ajoute une pollution &agrave; l&rsquo;ozone dans les grandes agglom&eacute;rations &agrave; cause de la chaleur et des voitures&raquo;.<\/p>\n","protected":false},"excerpt":{"rendered":"<p>La Charente-Maritime rejoint les 66 d&eacute;partements d&eacute;j&agrave; plac&eacute;s en vigilance orange par M&eacute;t&eacute;o FranceM&eacute;t&eacute;o France vient de publier son nouveau bulletin de vigilance. Et ce sont toujours 66 d&eacute;partements qui sont en vigilance orange &quot;canicule&quot;&nbsp;A Paris, la pr&eacute;fecture a activ&eacute; le niveau 3 du plan canicule d&egrave;s jeudi matin, sans attendre le d&eacute;clenchement de la [&hellip;]<\/p>\n","protected":false},"author":2,"featured_media":9840,"comment_status":"open","ping_status":"open","sticky":false,"template":"","format":"standard","meta":{"_jetpack_memberships_contains_paid_content":false,"footnotes":"","jetpack_publicize_message":"","jetpack_publicize_feature_enabled":true,"jetpack_social_post_already_shared":true,"jetpack_social_options":{"image_generator_settings":{"template":"highway","default_image_id":0,"font":"","enabled":false},"version":2},"_wpas_customize_per_network":false},"categories":[14],"tags":[1161],"class_list":["post-9839","post","type-post","status-publish","format-standard","has-post-thumbnail","hentry","category-actu-meteo","tag-canicule"],"jetpack_publicize_connections":[],"jetpack_featured_media_url":"https:\/\/i0.wp.com\/www.iceagetv.com\/radiosite\/wp-content\/uploads\/2018\/08\/Canicule.jpg?fit=767%2C466&ssl=1","jetpack_sharing_enabled":true,"_links":{"self":[{"href":"https:\/\/www.iceagetv.com\/radiosite\/wp-json\/wp\/v2\/posts\/9839","targetHints":{"allow":["GET"]}}],"collection":[{"href":"https:\/\/www.iceagetv.com\/radiosite\/wp-json\/wp\/v2\/posts"}],"about":[{"href":"https:\/\/www.iceagetv.com\/radiosite\/wp-json\/wp\/v2\/types\/post"}],"author":[{"embeddable":true,"href":"https:\/\/www.iceagetv.com\/radiosite\/wp-json\/wp\/v2\/users\/2"}],"replies":[{"embeddable":true,"href":"https:\/\/www.iceagetv.com\/radiosite\/wp-json\/wp\/v2\/comments?post=9839"}],"version-history":[{"count":1,"href":"https:\/\/www.iceagetv.com\/radiosite\/wp-json\/wp\/v2\/posts\/9839\/revisions"}],"predecessor-version":[{"id":9841,"href":"https:\/\/www.iceagetv.com\/radiosite\/wp-json\/wp\/v2\/posts\/9839\/revisions\/9841"}],"wp:featuredmedia":[{"embeddable":true,"href":"https:\/\/www.iceagetv.com\/radiosite\/wp-json\/wp\/v2\/media\/9840"}],"wp:attachment":[{"href":"https:\/\/www.iceagetv.com\/radiosite\/wp-json\/wp\/v2\/media?parent=9839"}],"wp:term":[{"taxonomy":"category","embeddable":true,"href":"https:\/\/www.iceagetv.com\/radiosite\/wp-json\/wp\/v2\/categories?post=9839"},{"taxonomy":"post_tag","embeddable":true,"href":"https:\/\/www.iceagetv.com\/radiosite\/wp-json\/wp\/v2\/tags?post=9839"}],"curies":[{"name":"wp","href":"https:\/\/api.w.org\/{rel}","templated":true}]}}