{"id":9842,"date":"2018-08-04T07:25:57","date_gmt":"2018-08-04T07:25:57","guid":{"rendered":"http:\/\/www.iceagetv.com\/radiosite\/?p=9842"},"modified":"2018-08-04T07:25:57","modified_gmt":"2018-08-04T07:25:57","slug":"le-tribunal-a-envoye-en-prison-cette-nuit-booba-et-kaaris-jusquau-proces-reporte-au-6-septembre-la-decision-a-ete-accueillie-par-des-cris-de-colere-dans-la-salle-ca-va-etre-la-guerre","status":"publish","type":"post","link":"https:\/\/www.iceagetv.com\/radiosite\/le-tribunal-a-envoye-en-prison-cette-nuit-booba-et-kaaris-jusquau-proces-reporte-au-6-septembre-la-decision-a-ete-accueillie-par-des-cris-de-colere-dans-la-salle-ca-va-etre-la-guerre\/","title":{"rendered":"Le Tribunal a envoy\u00e9 en prison cette nuit Booba et Kaaris jusqu&rsquo;au proc\u00e8s report\u00e9 au 6 septembre &#8211; La d\u00e9cision a \u00e9t\u00e9 accueillie par des cris de col\u00e8re dans la salle: \u00ab\u00a0Ca va \u00eatre la guerre!\u00a0\u00bb"},"content":{"rendered":"<p>\n\tLe tribunal correctionnel de Cr&eacute;teil a renvoy&eacute; au 6 septembre le proc&egrave;s de Booba et Kaaris, dans la nuit du vendredi au samedi 4 ao&ucirc;t.\n<\/p>\n<p>\n\tLe tribunal a par ailleurs ordonn&eacute; leur placement en d&eacute;tention provisoire dans l&#39;attente de cette nouvelle audience.\n<\/p>\n<p>\n\tLe pr&eacute;sident du tribunal, qui a &eacute;galement ordonn&eacute; l&#39;incarc&eacute;ration des neuf autres pr&eacute;venus, a justifi&eacute; sa d&eacute;cision par &quot;l&#39;animosit&eacute; persistante entre les deux groupes&quot;, le risque de nouvelles altercations et la n&eacute;cessit&eacute; de prot&eacute;ger &quot;l&#39;ensemble de personnes&quot;.\n<\/p>\n<p>\n\tLa d&eacute;cision, prise apr&egrave;s environ deux heures de d&eacute;lib&eacute;ration, a &eacute;t&eacute; accueillie par des cris de surprise et de protestation. &quot;&Ccedil;a va &ecirc;tre la guerre&quot;, a-t-on entendu dans le public.\n<\/p>\n<p>\n\tBooba et Kaaris sont rest&eacute;s calmes, leurs proches dans le public leur adressant des signes de soutien.\n<\/p>\n<p>\n\tLes deux rappeurs sont poursuivis pour leur participation &agrave; une rixe mercredi 1er ao&ucirc;t &agrave; l&#39;a&eacute;roport d&#39;Orly.\n<\/p>\n<p>\n\tJug&eacute;s en comparution imm&eacute;diate, les deux rappeurs doivent r&eacute;pondre de violences aggrav&eacute;es avec neuf proches ayant pris part &agrave; la rixe qui a &eacute;clat&eacute; dans un des halls de l&#39;a&eacute;roport et a fait le tour des r&eacute;seaux sociaux.\n<\/p>\n<p>\n\tLes pr&eacute;venus risquent jusqu&#39;&agrave; sept ans de prison et 100.000 euros d&#39;amende.\n<\/p>\n<p>\n\tLe clan Kaaris est envoy&eacute; &agrave; la prison de Fresnes, celui de Booba &agrave; Fleury-M&eacute;rogis.\n<\/p>\n<p>\n\t&quot;Ce qui est arriv&eacute; est inexcusable, d&eacute;plorable&quot;, a d&eacute;clar&eacute; Booba devant le tribunal, mentionnant les &quot;familles qui voyagent, les &quot;gens qui travaillent&quot;, et les enfants qui &eacute;taient sur place au moment des faits.\n<\/p>\n<p>\n\tL&#39;audience, qui a attir&eacute; de nombreux journalistes, quelques curieux et des supporteurs des deux clans, a &eacute;t&eacute; exceptionnellement d&eacute;localis&eacute;e dans la salle de la cour d&#39;assises, &eacute;quip&eacute;e de deux boxes permettant de s&eacute;parer les deux rappeurs, devenus rivaux apr&egrave;s avoir &eacute;t&eacute; tr&egrave;s proches.\n<\/p>\n<p>\n\tMercredi, Booba et Kaaris devaient chacun prendre un avion &agrave; Orly pour Barcelone, o&ugrave; ils devaient se produire dans la soir&eacute;e. Mais avant d&#39;embarquer, leurs deux clans se sont violemment affront&eacute;s sous les yeux de passagers &eacute;berlu&eacute;s, dont certains ont film&eacute; la sc&egrave;ne.\n<\/p>\n<p>\n\tDevant le tribunal, Booba a assur&eacute; qu&#39;il ne savait pas que Kaaris voyageait le m&ecirc;me jour que lui. &quot;Si j&#39;avais su, j&#39;aurais chang&eacute; mes billets&quot;, au vu de leurs &quot;ant&eacute;c&eacute;dents&quot;, a-t-il dit, se disant &quot;bien &eacute;videmment pr&ecirc;t &agrave; payer 50% des dommages et int&eacute;r&ecirc;ts&quot;. A&eacute;roports de Paris a d&eacute;pos&eacute; plainte pour &quot;trouble &agrave; l&#39;ordre public avec pr&eacute;judice d&#39;image et financier&quot;, ainsi que &quot;mise en danger de la vie d&#39;autrui&quot;, la bagarre ayant emp&ecirc;ch&eacute; selon la soci&eacute;t&eacute; la mise en place d&#39;un p&eacute;rim&egrave;tre de s&eacute;curit&eacute; autour d&#39;un bagage abandonn&eacute;.\n<\/p>\n<p>\n\tUne deuxi&egrave;me plainte a &eacute;t&eacute; d&eacute;pos&eacute;e par Air France qui a chiffr&eacute; &agrave; 8.500 euros son pr&eacute;judice d&ucirc; aux retards subis par plusieurs de ses appareils. Le g&eacute;rant de la boutique de duty-free, qui a &eacute;galement d&eacute;pos&eacute; plainte, a lui fait &eacute;tat de 54.000 euros de d&eacute;g&acirc;ts, selon cette m&ecirc;me source.\n<\/p>\n<p>\n\tAvant le d&eacute;but de l&#39;audience, les deux camps s&#39;&eacute;taient mutuellement accus&eacute;s d&#39;avoir provoqu&eacute; l&#39;affrontement.\n<\/p>\n<p>\n\tLe clan de Kaaris &quot;est &agrave; l&#39;initiative&quot; et &quot;le groupe de Booba a d&#39;abord chercher &agrave; se d&eacute;fendre&quot;, avant de prendre &quot;le dessus&quot; sur son adversaire, affirme Yann Le Bras, avocat de Booba.\n<\/p>\n<p>\n\tDavid-Olivier Kaminski, l&#39;un des avocats de Kaaris, estime au contraire que son client a &eacute;t&eacute; attaqu&eacute; par le clan de Booba.&nbsp;<\/p>\n","protected":false},"excerpt":{"rendered":"<p>Le tribunal correctionnel de Cr&eacute;teil a renvoy&eacute; au 6 septembre le proc&egrave;s de Booba et Kaaris, dans la nuit du vendredi au samedi 4 ao&ucirc;t. Le tribunal a par ailleurs ordonn&eacute; leur placement en d&eacute;tention provisoire dans l&#39;attente de cette nouvelle audience. Le pr&eacute;sident du tribunal, qui a &eacute;galement ordonn&eacute; l&#39;incarc&eacute;ration des neuf autres pr&eacute;venus, [&hellip;]<\/p>\n","protected":false},"author":2,"featured_media":9843,"comment_status":"open","ping_status":"open","sticky":false,"template":"","format":"standard","meta":{"_jetpack_memberships_contains_paid_content":false,"footnotes":"","jetpack_publicize_message":"","jetpack_publicize_feature_enabled":true,"jetpack_social_post_already_shared":true,"jetpack_social_options":{"image_generator_settings":{"template":"highway","default_image_id":0,"font":"","enabled":false},"version":2},"_wpas_customize_per_network":false},"categories":[68],"tags":[2461],"class_list":["post-9842","post","type-post","status-publish","format-standard","has-post-thumbnail","hentry","category-actu-culturelle","tag-booba-et-kaaris"],"jetpack_publicize_connections":[],"jetpack_featured_media_url":"https:\/\/i0.wp.com\/www.iceagetv.com\/radiosite\/wp-content\/uploads\/2018\/08\/Booba-et-Kaaris.jpg?fit=750%2C324&ssl=1","jetpack_sharing_enabled":true,"_links":{"self":[{"href":"https:\/\/www.iceagetv.com\/radiosite\/wp-json\/wp\/v2\/posts\/9842","targetHints":{"allow":["GET"]}}],"collection":[{"href":"https:\/\/www.iceagetv.com\/radiosite\/wp-json\/wp\/v2\/posts"}],"about":[{"href":"https:\/\/www.iceagetv.com\/radiosite\/wp-json\/wp\/v2\/types\/post"}],"author":[{"embeddable":true,"href":"https:\/\/www.iceagetv.com\/radiosite\/wp-json\/wp\/v2\/users\/2"}],"replies":[{"embeddable":true,"href":"https:\/\/www.iceagetv.com\/radiosite\/wp-json\/wp\/v2\/comments?post=9842"}],"version-history":[{"count":1,"href":"https:\/\/www.iceagetv.com\/radiosite\/wp-json\/wp\/v2\/posts\/9842\/revisions"}],"predecessor-version":[{"id":9844,"href":"https:\/\/www.iceagetv.com\/radiosite\/wp-json\/wp\/v2\/posts\/9842\/revisions\/9844"}],"wp:featuredmedia":[{"embeddable":true,"href":"https:\/\/www.iceagetv.com\/radiosite\/wp-json\/wp\/v2\/media\/9843"}],"wp:attachment":[{"href":"https:\/\/www.iceagetv.com\/radiosite\/wp-json\/wp\/v2\/media?parent=9842"}],"wp:term":[{"taxonomy":"category","embeddable":true,"href":"https:\/\/www.iceagetv.com\/radiosite\/wp-json\/wp\/v2\/categories?post=9842"},{"taxonomy":"post_tag","embeddable":true,"href":"https:\/\/www.iceagetv.com\/radiosite\/wp-json\/wp\/v2\/tags?post=9842"}],"curies":[{"name":"wp","href":"https:\/\/api.w.org\/{rel}","templated":true}]}}