{"id":9859,"date":"2018-08-06T18:44:43","date_gmt":"2018-08-06T18:44:43","guid":{"rendered":"http:\/\/www.iceagetv.com\/radiosite\/?p=9859"},"modified":"2018-08-06T18:44:43","modified_gmt":"2018-08-06T18:44:43","slug":"joel-robuchon-chef-le-plus-etoile-au-monde-est-mort","status":"publish","type":"post","link":"https:\/\/www.iceagetv.com\/radiosite\/joel-robuchon-chef-le-plus-etoile-au-monde-est-mort\/","title":{"rendered":"Jo\u00ebl Robuchon, chef le plus \u00e9toil\u00e9 au monde, est mort"},"content":{"rendered":"<p>\n\tLe plus c&eacute;l&egrave;bre chef fran&ccedil;ais laisse le monde de la gastronomie en deuil. Jo&euml;l Robuchon est mort, lundi 6&nbsp;ao&ucirc;t &agrave; Gen&egrave;ve, &agrave; l&rsquo;&acirc;ge de 73 ans, des suites d&rsquo;un cancer, une maladie sur laquelle il &eacute;tait rest&eacute; tr&egrave;s discret.\n<\/p>\n<p>\n\t&laquo;&nbsp;Jo&euml;l Robuchon s&rsquo;est &eacute;teint aujourd&rsquo;hui, mais ses 32 &eacute;toiles au Michelin brillent de tous leurs feux dans la constellation de la gastronomie mondiale&nbsp;&raquo;, a d&eacute;clar&eacute; dans un communiqu&eacute; de presse Emmanuel Macron, lundi apr&egrave;s-midi.&nbsp;&laquo;&nbsp;Avec les d&eacute;c&egrave;s de Paul Bocuse et de Jo&euml;l Robuchon, la gastronomie fran&ccedil;aise est douloureusement endeuill&eacute;e cette ann&eacute;e, mais elle est forte de l&rsquo;h&eacute;ritage vivant et vibrant de ses grands chefs, qui ont donn&eacute; &agrave; l&rsquo;apprentissage, &agrave; l&rsquo;artisanat, et &agrave; la culture fran&ccedil;aise de nouvelles lettres de noblesse&nbsp;&raquo;, a &eacute;galement soulign&eacute; le pr&eacute;sident de la R&eacute;publique.\n<\/p>\n<p>\n\t&laquo;&nbsp;Jo&euml;l Robuchon, chef visionnaire et le plus &eacute;toil&eacute; au monde nous quitte aujourd&rsquo;hui. De Paris &agrave; Shangha&iuml;, son savoir-faire &eacute;rig&eacute; en art a fait&nbsp;rayonner&nbsp;la gastronomie fran&ccedil;aise et continuera d&rsquo;inspirer la jeune g&eacute;n&eacute;ration de chefs&nbsp;&raquo;, avait un plus t&ocirc;t dans la journ&eacute;e expliqu&eacute; sur&nbsp;Twitter&nbsp;le porte-parole du gouvernement, Benjamin Griveaux,&nbsp;confirmant une information du&nbsp;Figaro.Sacr&eacute; &laquo;&nbsp;meilleur ouvrier de France&nbsp;&raquo;&nbsp;en&nbsp;1976, &laquo;&nbsp;chef de l&rsquo;ann&eacute;e&nbsp;&raquo; en&nbsp;1987 puis &laquo;&nbsp;cuisinier du si&egrave;cle&nbsp;&raquo; en&nbsp;1990, M.&nbsp;Robuchon &eacute;tait, avec 32&nbsp;&eacute;toiles en&nbsp;2016 &ndash; un record absolu &ndash;, le chef le plus &eacute;toil&eacute; au monde.&nbsp;Cet influent pionnier m&eacute;diatique de la nouvelle cuisine et auteur d&rsquo;ouvrages culinaires de r&eacute;f&eacute;rence laisse derri&egrave;re lui un empire mondial de restaurants gastronomiques.&nbsp;&laquo;&nbsp;Jo&euml;l Robuchon s&rsquo;est &eacute;teint aujourd&rsquo;hui, mais ses 32 &eacute;toiles au Michelin brillent de tous leurs feux dans la constellation de la gastronomie mondiale&nbsp;&raquo;, a rendu hommage dans un communiqu&eacute; le pr&eacute;sident de la R&eacute;publique, Emmanuel Macron.\n<\/p>\n<p>\n\tUne vocation d&egrave;s l&rsquo;enfance\n<\/p>\n<p>\n\tA priori, rien ne destinait ce fils de ma&ccedil;on, n&eacute; le 7&nbsp;avril 1945 &agrave; Poitiers, &agrave;&nbsp;devenirle chef le plus &eacute;toil&eacute;. C&rsquo;est au petit s&eacute;minaire de Maul&eacute;on, dans les Deux-S&egrave;vres, o&ugrave; il entre &agrave; l&rsquo;&acirc;ge de 12&nbsp;ans pour devenir pr&ecirc;tre catholique, qu&rsquo;il se d&eacute;couvre une passion pour la gastronomie en aidant en cuisine les religieuses. Il s&rsquo;oriente finalement vers la gastronomie en tant qu&rsquo;apprenti puis compagnon. Le d&eacute;but d&rsquo;une longue ascension.\n<\/p>\n<p>\n\tA 29&nbsp;ans, il commence sa carri&egrave;re en tant que chef de l&rsquo;h&ocirc;tel Concorde Lafayette dans le 17e&nbsp;arrondissement parisien, o&ugrave; il est sacr&eacute; en&nbsp;1976 meilleur ouvrier de France. Il devient ensuite chef de l&rsquo;h&ocirc;tel Nikko dans le 15e&nbsp;arrondissement, o&ugrave; il d&eacute;croche ses deux premi&egrave;res &eacute;toiles au guide Michelin.\n<\/p>\n<p>\n\tEn&nbsp;1981, il ouvre enfin son propre restaurant, Le Jamin, dans le 16e&nbsp;arrondissement parisien, pour lequel il d&eacute;croche notamment les distinctions d&rsquo;&eacute;lite des trois &eacute;toiles au guide Michelin, de &laquo;&nbsp;chef de l&rsquo;ann&eacute;e&nbsp;&raquo; et, pour le Gault &amp;&nbsp;Millau, de &laquo;&nbsp;cuisinier du si&egrave;cle&nbsp;&raquo;.\n<\/p>\n<p>\n\t&laquo;&nbsp;Gault &amp;&nbsp;Millau l&rsquo;a d&eacute;couvert en&nbsp;1983 &agrave; l&rsquo;h&ocirc;tel Nikko, &agrave; l&rsquo;&eacute;poque, il &eacute;tait absolument inconnu, il travaillait dans un restaurant d&rsquo;h&ocirc;tel pas particuli&egrave;rement sexy. Il nous a fait une tr&egrave;s forte impression, il &eacute;tait dans l&rsquo;&eacute;pure&nbsp;&raquo;, se souvient C&ocirc;me de Cherisey, &agrave; la t&ecirc;te du fameux guide.En&nbsp;1994, il s&rsquo;installe dans un restaurant portant son nom qui sera consacr&eacute; par l&rsquo;International Herald Tribune&nbsp;comme &laquo;&nbsp;meilleur restaurant du monde&nbsp;&raquo;.\n<\/p>\n<p>\n\tComme il l&rsquo;avait annonc&eacute;, ce p&egrave;re de deux enfants rend son tablier &agrave; l&rsquo;&acirc;ge de 51&nbsp;ans et claque la porte du monde &eacute;toil&eacute; pour&nbsp;partir&nbsp;en retraite&nbsp;et se&nbsp;consacrer&agrave; la transmission de son&nbsp;savoir,&nbsp;ainsi que le relate sa biographie en ligne. Il explique ne pas&nbsp;vouloir&nbsp;mourir&nbsp;d&rsquo;une crise cardiaque due au stress, comme certains de ses pr&eacute;d&eacute;cesseurs.\n<\/p>\n<p>\n\tIl popularisera ensuite son art culinaire &agrave; la t&eacute;l&eacute;vision, avec le c&eacute;l&egrave;bre rendez-vous &laquo;&nbsp;Bon app&eacute;tit bien s&ucirc;r&nbsp;&raquo;, o&ugrave; il pr&eacute;sente quotidiennement de 2000 &agrave; 2009 sur France 3 des recettes se voulant simples, peu ch&egrave;res et accessibles au plus grand nombre.<\/p>\n","protected":false},"excerpt":{"rendered":"<p>Le plus c&eacute;l&egrave;bre chef fran&ccedil;ais laisse le monde de la gastronomie en deuil. Jo&euml;l Robuchon est mort, lundi 6&nbsp;ao&ucirc;t &agrave; Gen&egrave;ve, &agrave; l&rsquo;&acirc;ge de 73 ans, des suites d&rsquo;un cancer, une maladie sur laquelle il &eacute;tait rest&eacute; tr&egrave;s discret. &laquo;&nbsp;Jo&euml;l Robuchon s&rsquo;est &eacute;teint aujourd&rsquo;hui, mais ses 32 &eacute;toiles au Michelin brillent de tous leurs feux [&hellip;]<\/p>\n","protected":false},"author":2,"featured_media":9861,"comment_status":"open","ping_status":"open","sticky":false,"template":"","format":"standard","meta":{"_jetpack_memberships_contains_paid_content":false,"footnotes":"","jetpack_publicize_message":"","jetpack_publicize_feature_enabled":true,"jetpack_social_post_already_shared":true,"jetpack_social_options":{"image_generator_settings":{"template":"highway","default_image_id":0,"font":"","enabled":false},"version":2},"_wpas_customize_per_network":false},"categories":[68],"tags":[2466],"class_list":["post-9859","post","type-post","status-publish","format-standard","has-post-thumbnail","hentry","category-actu-culturelle","tag-joel-robuchon"],"jetpack_publicize_connections":[],"jetpack_featured_media_url":"https:\/\/i0.wp.com\/www.iceagetv.com\/radiosite\/wp-content\/uploads\/2018\/08\/Jo%C3%ABl-Robuchon-1.jpg?fit=534%2C356&ssl=1","jetpack_sharing_enabled":true,"_links":{"self":[{"href":"https:\/\/www.iceagetv.com\/radiosite\/wp-json\/wp\/v2\/posts\/9859","targetHints":{"allow":["GET"]}}],"collection":[{"href":"https:\/\/www.iceagetv.com\/radiosite\/wp-json\/wp\/v2\/posts"}],"about":[{"href":"https:\/\/www.iceagetv.com\/radiosite\/wp-json\/wp\/v2\/types\/post"}],"author":[{"embeddable":true,"href":"https:\/\/www.iceagetv.com\/radiosite\/wp-json\/wp\/v2\/users\/2"}],"replies":[{"embeddable":true,"href":"https:\/\/www.iceagetv.com\/radiosite\/wp-json\/wp\/v2\/comments?post=9859"}],"version-history":[{"count":1,"href":"https:\/\/www.iceagetv.com\/radiosite\/wp-json\/wp\/v2\/posts\/9859\/revisions"}],"predecessor-version":[{"id":9862,"href":"https:\/\/www.iceagetv.com\/radiosite\/wp-json\/wp\/v2\/posts\/9859\/revisions\/9862"}],"wp:featuredmedia":[{"embeddable":true,"href":"https:\/\/www.iceagetv.com\/radiosite\/wp-json\/wp\/v2\/media\/9861"}],"wp:attachment":[{"href":"https:\/\/www.iceagetv.com\/radiosite\/wp-json\/wp\/v2\/media?parent=9859"}],"wp:term":[{"taxonomy":"category","embeddable":true,"href":"https:\/\/www.iceagetv.com\/radiosite\/wp-json\/wp\/v2\/categories?post=9859"},{"taxonomy":"post_tag","embeddable":true,"href":"https:\/\/www.iceagetv.com\/radiosite\/wp-json\/wp\/v2\/tags?post=9859"}],"curies":[{"name":"wp","href":"https:\/\/api.w.org\/{rel}","templated":true}]}}