{"id":9916,"date":"2018-08-13T18:18:32","date_gmt":"2018-08-13T18:18:32","guid":{"rendered":"http:\/\/www.iceagetv.com\/radiosite\/?p=9916"},"modified":"2018-08-13T18:18:32","modified_gmt":"2018-08-13T18:18:32","slug":"tirs-de-fusil-a-beaune-comment-est-nee-lintox-autour-dun-reglement-de-comptes-de-gens-du-voyage","status":"publish","type":"post","link":"https:\/\/www.iceagetv.com\/radiosite\/tirs-de-fusil-a-beaune-comment-est-nee-lintox-autour-dun-reglement-de-comptes-de-gens-du-voyage\/","title":{"rendered":"Tirs de fusil \u00e0 Beaune: Comment est n\u00e9e l&rsquo;intox autour d&rsquo;un r\u00e8glement de comptes de \u00abgens du voyage"},"content":{"rendered":"<p>\n\tQuelles &eacute;taient les motivations des agresseurs ayant bless&eacute; 7 jeunes &agrave; Beaune (C&ocirc;te-d&#39;Or) la nuit du 30 juillet&nbsp;en leur tirant dessus au fusil, apr&egrave;s avoir tent&eacute; de leur&nbsp;foncer&nbsp;dessus en Renault Clio quelques heures plus t&ocirc;t&nbsp;?&nbsp;S&#39;agissait-il d&#39;un&nbsp;d&#39;un acte &agrave; caract&egrave;re raciste, comme le soutiennent les victimes?&nbsp;\n<\/p>\n<p>\n\tAlors que deux suspects aux lourds casiers judiciaires ont&eacute;t&eacute; interpell&eacute;s et plac&eacute;s en garde &agrave; vue&nbsp;vendredi, certains sites d&#39;extr&ecirc;me droite affirment conna&icirc;tre les d&eacute;tails cette affaire particuli&egrave;rement m&eacute;diatis&eacute;e. &laquo; Fusillade&nbsp;&quot;raciste&quot;&nbsp;de Beaune&nbsp;:&nbsp;il s&rsquo;agissait finalement d&rsquo;un r&egrave;glement de compte (sic) li&eacute; &agrave; un trafic de voitures entre gens du voyage et Maghr&eacute;bins &raquo;&nbsp;titrait ainsi d&egrave;s le samedi 11 ao&ucirc;t&nbsp;le blog Fdesouche.<\/p>\n<p>\tLe site avance cette affirmation en reprenant une phrase d&#39;&nbsp;un article de France 3 Bourgogne-Franche-Comt&eacute;&nbsp;publi&eacute; le m&ecirc;me jour&nbsp;:&nbsp;&laquo; Selon les informations de France 2, les suspects sont originaires de la communaut&eacute; des gens du voyage et se sont cach&eacute;s dans diff&eacute;rents camps au cours de leur cavale&#8230;&nbsp;&raquo; Or, selon Thierry Bas, procureur adjoint de la R&eacute;publique de Dijon contact&eacute; par 20 Minutes, &laquo; c&#39;est de l&#39;invention pure et simple, de la d&eacute;sinformation&nbsp;:&nbsp;rien ne permet d&#39;affirmer qu&#39;il s&#39;agit de gens du voyage.&nbsp;&raquo;\n<\/p>\n<p>\n\t&nbsp;\n<\/p>\n<p>\n\tThierry Bas ne cache pas sa col&egrave;re face &agrave; cette affirmation fausse &laquo; qui viendrait d&#39;un article de&nbsp;La Provence&nbsp;&raquo; selon l&#39;&eacute;cho qui lui en a &eacute;t&eacute; fait. Le 11 ao&ucirc;t, quelques heures avant la publication de l&#39;article de France 3,&nbsp;le quotidien r&eacute;gional avance en effet&nbsp;cette information au conditionnel&nbsp;:&nbsp;&laquo; Selon une source proche du dossier, les deux hommes interpell&eacute;s seraient des membres de la communaut&eacute; des gens du voyage.&nbsp;&raquo;\n<\/p>\n<p>\n\tLa rumeur devient virale. Elle est&nbsp;reprise notamment sur le site d&#39;extr&ecirc;me droite Riposte la&iuml;que dans&nbsp;un article moquant la vague d&#39;indignation&nbsp;li&eacute;e&nbsp;au caract&egrave;re potentiellement raciste de l&#39;incident&nbsp;:&nbsp;&laquo; Les deux suspects ne sont pas des gens du voyage, ils &eacute;taient effectivement mobiles [pendant leur fuite], mais ils ont un appartement &agrave; Dijon et en banlieue de Dijon. &raquo;&nbsp;\n<\/p>\n<p>\n\tUne voiture au coeur de l&#39;affaire (mais pas de &laquo; trafic &raquo; en cause)\n<\/p>\n<p>\n\tL&#39;affirmation de Fdesouche sur un &laquo; r&egrave;glement de comptes li&eacute; &agrave; un trafic de voitures &raquo;, trouve quant &agrave; elle son origine dans un extrait&nbsp;d&#39;un article du&nbsp;Parisien&nbsp;du 11 ao&ucirc;t, partag&eacute; le m&ecirc;me jour par le compte Twitter du blog d&#39;extr&ecirc;me droite&nbsp;:&nbsp;\n<\/p>\n<p>\n\t&laquo; Selon les premi&egrave;res investigations, les tireurs se sont rendus en pleine nuit, &agrave; bord d&rsquo;une Renault Clio, dans le quartier populaire de Saint-Jacques, pour y trouver une personne en particulier li&eacute;e &agrave; un trafic de voiture. Ils font chou blanc mais tombent nez &agrave; nez sur une bande de sept jeunes [&#8230;] La situation s&rsquo;envenime rapidement. [&#8230;] Les suspects prof&egrave;rent des insultes racistes coupl&eacute;es &agrave; des menaces&nbsp;:&nbsp;&quot;Sales bougnoules, on va revenir vous calibrer&quot; &raquo; peut-on ainsi lire dans ce passage.<\/p>\n<p>\tPour autant, on ne peut nullement affirmer comme le font certains sites en interpr&eacute;tant de mani&egrave;re fantaisiste cet extrait que les tirs au fusil repr&eacute;sentent un r&egrave;glement de comptes li&eacute; &agrave; un trafic de voitures, comme l&#39;explique Thierry Bas&nbsp;:&nbsp;&laquo; Ce que l&#39;on sait &agrave; coup s&ucirc;r, c&#39;est que la pr&eacute;sence des deux suspects &agrave; Beaune est li&eacute;e &agrave; la recherche d&#39;une personne qui les avait probablement escroqu&eacute;s &agrave; propos d&#39;une voiture et qu&#39;ils pensaient trouver &agrave; Beaune. &raquo;<\/p>\n<p>\tLe procureur adjoint de la R&eacute;publique de Dijon poursuit&nbsp;:&nbsp;&laquo; Les deux hommes n&#39;&eacute;taient pas venus &agrave; Beaune pour commettre une agression raciste, ils sont tomb&eacute;s sur le groupe de jeunes par hasard alors qu&#39;ils cherchaient une autre personne, et c&#39;est l&agrave; que les choses ont d&eacute;g&eacute;n&eacute;r&eacute;.&nbsp;&raquo; C&#39;est &agrave; ce moment-l&agrave; que seraient prof&eacute;r&eacute;es les insultes racistes, avant que les deux suspects ne tentent d&#39;&eacute;craser la bande en voiture. Pour finalement revenir quelques heures plus tard lui tirer dessus.&nbsp;<\/p>\n<p>\tLa version des deux suspects,&nbsp;mis en examen&nbsp;&laquo; des chefs de tentative d&#39;assassinat aggrav&eacute;e en raison de l&#39;appartenance des victimes &agrave; une soi-disant race, religion ou &eacute;thnie, r&eacute;elle ou suppos&eacute;e&nbsp;&raquo;, confirme partiellement ce sc&eacute;nario,&nbsp;comme l&#39;indique&nbsp;Le Parisien&nbsp;:&nbsp;&laquo; Les deux hommes, d&eacute;j&agrave; condamn&eacute;s pour vols et violences, ont contest&eacute; devant les policiers de la PJ de Dijon toute motivation raciste. [&#8230;] Selon leur version, ils cherchaient un homme &agrave; qui ils avaient pr&ecirc;t&eacute; une voiture.&nbsp;&raquo;<\/p>\n<p>\tThierry Bas conclut&nbsp;:&nbsp;&laquo; D&egrave;s le d&eacute;but de l&#39;enqu&ecirc;te, j&#39;ai dit que&nbsp;plusieurs pistes pouvaient &ecirc;tre envisag&eacute;es&nbsp;:&nbsp;un r&egrave;glement de comptes, une agression raciste&#8230; L&#39;enqu&ecirc;te juridique ouvre toutes les portes possibles, et on les ferme ensuite au fur et &agrave; mesure des avanc&eacute;es. &raquo;<\/p>\n","protected":false},"excerpt":{"rendered":"<p>Quelles &eacute;taient les motivations des agresseurs ayant bless&eacute; 7 jeunes &agrave; Beaune (C&ocirc;te-d&#39;Or) la nuit du 30 juillet&nbsp;en leur tirant dessus au fusil, apr&egrave;s avoir tent&eacute; de leur&nbsp;foncer&nbsp;dessus en Renault Clio quelques heures plus t&ocirc;t&nbsp;?&nbsp;S&#39;agissait-il d&#39;un&nbsp;d&#39;un acte &agrave; caract&egrave;re raciste, comme le soutiennent les victimes?&nbsp; Alors que deux suspects aux lourds casiers judiciaires ont&eacute;t&eacute; interpell&eacute;s [&hellip;]<\/p>\n","protected":false},"author":2,"featured_media":9917,"comment_status":"open","ping_status":"open","sticky":false,"template":"","format":"standard","meta":{"_jetpack_memberships_contains_paid_content":false,"footnotes":"","jetpack_publicize_message":"","jetpack_publicize_feature_enabled":true,"jetpack_social_post_already_shared":true,"jetpack_social_options":{"image_generator_settings":{"template":"highway","default_image_id":0,"font":"","enabled":false},"version":2},"_wpas_customize_per_network":false},"categories":[405],"tags":[2485],"class_list":["post-9916","post","type-post","status-publish","format-standard","has-post-thumbnail","hentry","category-actu-france-monde","tag-tirs-de-fusil-a-beaune"],"jetpack_publicize_connections":[],"jetpack_featured_media_url":"https:\/\/i0.wp.com\/www.iceagetv.com\/radiosite\/wp-content\/uploads\/2018\/08\/Tirs-de-fusil-%C3%A0-Beaune.jpg?fit=960%2C614&ssl=1","jetpack_sharing_enabled":true,"_links":{"self":[{"href":"https:\/\/www.iceagetv.com\/radiosite\/wp-json\/wp\/v2\/posts\/9916","targetHints":{"allow":["GET"]}}],"collection":[{"href":"https:\/\/www.iceagetv.com\/radiosite\/wp-json\/wp\/v2\/posts"}],"about":[{"href":"https:\/\/www.iceagetv.com\/radiosite\/wp-json\/wp\/v2\/types\/post"}],"author":[{"embeddable":true,"href":"https:\/\/www.iceagetv.com\/radiosite\/wp-json\/wp\/v2\/users\/2"}],"replies":[{"embeddable":true,"href":"https:\/\/www.iceagetv.com\/radiosite\/wp-json\/wp\/v2\/comments?post=9916"}],"version-history":[{"count":1,"href":"https:\/\/www.iceagetv.com\/radiosite\/wp-json\/wp\/v2\/posts\/9916\/revisions"}],"predecessor-version":[{"id":9918,"href":"https:\/\/www.iceagetv.com\/radiosite\/wp-json\/wp\/v2\/posts\/9916\/revisions\/9918"}],"wp:featuredmedia":[{"embeddable":true,"href":"https:\/\/www.iceagetv.com\/radiosite\/wp-json\/wp\/v2\/media\/9917"}],"wp:attachment":[{"href":"https:\/\/www.iceagetv.com\/radiosite\/wp-json\/wp\/v2\/media?parent=9916"}],"wp:term":[{"taxonomy":"category","embeddable":true,"href":"https:\/\/www.iceagetv.com\/radiosite\/wp-json\/wp\/v2\/categories?post=9916"},{"taxonomy":"post_tag","embeddable":true,"href":"https:\/\/www.iceagetv.com\/radiosite\/wp-json\/wp\/v2\/tags?post=9916"}],"curies":[{"name":"wp","href":"https:\/\/api.w.org\/{rel}","templated":true}]}}