{"id":9924,"date":"2018-08-15T16:31:01","date_gmt":"2018-08-15T16:31:01","guid":{"rendered":"http:\/\/www.iceagetv.com\/radiosite\/?p=9924"},"modified":"2018-08-15T16:31:01","modified_gmt":"2018-08-15T16:31:01","slug":"effondrement-du-viaduc-a-genes-le-quai-dorsay-annonce-la-mort-dun-quatrieme-francais-les-visages-des-2-premieres-jeunes-francaises-identifiees-parmi-les-39-decedes","status":"publish","type":"post","link":"https:\/\/www.iceagetv.com\/radiosite\/effondrement-du-viaduc-a-genes-le-quai-dorsay-annonce-la-mort-dun-quatrieme-francais-les-visages-des-2-premieres-jeunes-francaises-identifiees-parmi-les-39-decedes\/","title":{"rendered":"Effondrement du viaduc \u00e0 G\u00eanes: Le Quai d&rsquo;Orsay annonce la mort d&rsquo;un quatri\u00e8me fran\u00e7ais &#8211; Les visages des 2 premi\u00e8res jeunes fran\u00e7aises identifi\u00e9es parmi les 39 d\u00e9c\u00e9d\u00e9s"},"content":{"rendered":"<p>\n\tLe Quai d&#39;Orsay annonce la mort d&#39;un quatri&egrave;me fran&ccedil;ais dans l&#39;effondrement d&#39;une portion du pont Morandi.Le minist&egrave;re de l&rsquo;Europe et des Affaires &eacute;trang&egrave;res confirme avec tristesse la pr&eacute;sence d&rsquo;un quatri&egrave;me ressortissant fran&ccedil;ais parmi les victimes de la catastrophe de G&ecirc;nes. Nous adressons &agrave; sa famille toutes nos condol&eacute;ances&quot;Une source fran&ccedil;aise confirme au Parisien la pr&eacute;sence de deux des noms cit&eacute;s par la presse parmi les victimes d&eacute;c&eacute;d&eacute;es : celui de Melissa Artus mais &eacute;galement celui d&rsquo;Axelle Place, 24 ans.Selon La Stampa, les deux jeunes filles ont &eacute;t&eacute; identifi&eacute;es, dans les d&eacute;combres, gr&acirc;ce &agrave; une boucle d&rsquo;oreille et un bracelet.\n<\/p>\n<p>\n\tD&rsquo;apr&egrave;s le profil Facebook de Melissa, elle avait pr&eacute;vu de se rendre avec son compagnon Nathan &agrave; un Teknival en Italie.&nbsp;\n<\/p>\n<p>\n\tLa presse italienne cite &eacute;galement Nathan parmi les Fran&ccedil;ais d&eacute;c&eacute;d&eacute;s mais l&#39;information n&#39;a pas &eacute;t&eacute; confirm&eacute;e.Le chef de la diplomatie fran&ccedil;aise, Jean-Yves Le Drian, fait part de sa&nbsp;&quot;grande tristesse&quot;&nbsp;apr&egrave;s la d&eacute;couverte de trois Fran&ccedil;ais parmi les victimes du drame de G&ecirc;nes.A G&ecirc;nes, des b&eacute;n&eacute;voles isol&eacute;s tentent d&#39;apporter leur aide aux secouristes. Arnaud Fraisse, fondateur de l&#39;ONG Secouristes sans fronti&egrave;res, s&#39;agace&nbsp;sur franceinfo&nbsp;de l&#39;intervention de ces b&eacute;n&eacute;voles :&nbsp;&quot;C&#39;est gentil, mais on n&#39;y va pas pour faire du tourisme humanitaire !&quot;&quot;Le minist&egrave;re de l&#39;Europe et des Affaires &eacute;trang&egrave;res confirme avec tristesse la pr&eacute;sence de trois ressortissants fran&ccedil;ais parmi les victimes de la catastrophe de G&ecirc;nes. Nous adressons &agrave; leurs familles toutes nos condol&eacute;ances&quot;, annonce le Quai d&#39;Orsay dans un communiqu&eacute;.&nbsp; &quot;Nous restons en contact avec les autorit&eacute;s italiennes afin de d&eacute;terminer la pr&eacute;sence &eacute;ventuelle d&#39;autres Fran&ccedil;ais parmi les victimes&quot;, poursuit le texte.Le bilan s&#39;alourdit a au moins 38 morts et plusieurs disparus, annonce le ministre de l&#39;Int&eacute;rieur, Matteo Salvini. ET d&#39;ajouter que l&#39;identification des victimes est en cours<\/p>\n","protected":false},"excerpt":{"rendered":"<p>Le Quai d&#39;Orsay annonce la mort d&#39;un quatri&egrave;me fran&ccedil;ais dans l&#39;effondrement d&#39;une portion du pont Morandi.Le minist&egrave;re de l&rsquo;Europe et des Affaires &eacute;trang&egrave;res confirme avec tristesse la pr&eacute;sence d&rsquo;un quatri&egrave;me ressortissant fran&ccedil;ais parmi les victimes de la catastrophe de G&ecirc;nes. Nous adressons &agrave; sa famille toutes nos condol&eacute;ances&quot;Une source fran&ccedil;aise confirme au Parisien la pr&eacute;sence [&hellip;]<\/p>\n","protected":false},"author":2,"featured_media":9925,"comment_status":"open","ping_status":"open","sticky":false,"template":"","format":"standard","meta":{"_jetpack_memberships_contains_paid_content":false,"footnotes":"","jetpack_publicize_message":"","jetpack_publicize_feature_enabled":true,"jetpack_social_post_already_shared":true,"jetpack_social_options":{"image_generator_settings":{"template":"highway","default_image_id":0,"font":"","enabled":false},"version":2},"_wpas_customize_per_network":false},"categories":[405],"tags":[2487],"class_list":["post-9924","post","type-post","status-publish","format-standard","has-post-thumbnail","hentry","category-actu-france-monde","tag-effondrement-du-viaduc-a-genes"],"jetpack_publicize_connections":[],"jetpack_featured_media_url":"https:\/\/i0.wp.com\/www.iceagetv.com\/radiosite\/wp-content\/uploads\/2018\/08\/Effondrement-du-viaduc-%C3%A0-G%C3%AAnes.jpg?fit=750%2C324&ssl=1","jetpack_sharing_enabled":true,"_links":{"self":[{"href":"https:\/\/www.iceagetv.com\/radiosite\/wp-json\/wp\/v2\/posts\/9924","targetHints":{"allow":["GET"]}}],"collection":[{"href":"https:\/\/www.iceagetv.com\/radiosite\/wp-json\/wp\/v2\/posts"}],"about":[{"href":"https:\/\/www.iceagetv.com\/radiosite\/wp-json\/wp\/v2\/types\/post"}],"author":[{"embeddable":true,"href":"https:\/\/www.iceagetv.com\/radiosite\/wp-json\/wp\/v2\/users\/2"}],"replies":[{"embeddable":true,"href":"https:\/\/www.iceagetv.com\/radiosite\/wp-json\/wp\/v2\/comments?post=9924"}],"version-history":[{"count":1,"href":"https:\/\/www.iceagetv.com\/radiosite\/wp-json\/wp\/v2\/posts\/9924\/revisions"}],"predecessor-version":[{"id":9926,"href":"https:\/\/www.iceagetv.com\/radiosite\/wp-json\/wp\/v2\/posts\/9924\/revisions\/9926"}],"wp:featuredmedia":[{"embeddable":true,"href":"https:\/\/www.iceagetv.com\/radiosite\/wp-json\/wp\/v2\/media\/9925"}],"wp:attachment":[{"href":"https:\/\/www.iceagetv.com\/radiosite\/wp-json\/wp\/v2\/media?parent=9924"}],"wp:term":[{"taxonomy":"category","embeddable":true,"href":"https:\/\/www.iceagetv.com\/radiosite\/wp-json\/wp\/v2\/categories?post=9924"},{"taxonomy":"post_tag","embeddable":true,"href":"https:\/\/www.iceagetv.com\/radiosite\/wp-json\/wp\/v2\/tags?post=9924"}],"curies":[{"name":"wp","href":"https:\/\/api.w.org\/{rel}","templated":true}]}}