{"id":1064,"count":1,"description":"","link":"https:\/\/www.iceagetv.com\/radiosite\/tag\/un-militaire-francais-dans-un-etat-grave-apres-avoir-ete-agresse-a-larme-blanche-a-saint-julien-du-puy\/","name":"Un militaire fran\u00e7ais dans un \"\u00e9tat grave\" apr\u00e8s avoir \u00e9t\u00e9 agress\u00e9 \u00e0 l'arme blanche \u00e0 Saint-Julien-du-Puy","slug":"un-militaire-francais-dans-un-etat-grave-apres-avoir-ete-agresse-a-larme-blanche-a-saint-julien-du-puy","taxonomy":"post_tag","meta":[],"_links":{"self":[{"href":"https:\/\/www.iceagetv.com\/radiosite\/wp-json\/wp\/v2\/tags\/1064","targetHints":{"allow":["GET"]}}],"collection":[{"href":"https:\/\/www.iceagetv.com\/radiosite\/wp-json\/wp\/v2\/tags"}],"about":[{"href":"https:\/\/www.iceagetv.com\/radiosite\/wp-json\/wp\/v2\/taxonomies\/post_tag"}],"wp:post_type":[{"href":"https:\/\/www.iceagetv.com\/radiosite\/wp-json\/wp\/v2\/posts?tags=1064"}],"curies":[{"name":"wp","href":"https:\/\/api.w.org\/{rel}","templated":true}]}}