{"id":1098,"count":1,"description":"","link":"https:\/\/www.iceagetv.com\/radiosite\/tag\/entre-poligne-et-chateaubourg-il-a-ete-condamne-a-un-an-de-prison-ferme-vendredi-apres-midi\/","name":"entre Polign\u00e9 et Ch\u00e2teaubourg. Il a \u00e9t\u00e9 condamn\u00e9 \u00e0 un an de prison ferme. Vendredi apr\u00e8s-midi","slug":"entre-poligne-et-chateaubourg-il-a-ete-condamne-a-un-an-de-prison-ferme-vendredi-apres-midi","taxonomy":"post_tag","meta":[],"_links":{"self":[{"href":"https:\/\/www.iceagetv.com\/radiosite\/wp-json\/wp\/v2\/tags\/1098","targetHints":{"allow":["GET"]}}],"collection":[{"href":"https:\/\/www.iceagetv.com\/radiosite\/wp-json\/wp\/v2\/tags"}],"about":[{"href":"https:\/\/www.iceagetv.com\/radiosite\/wp-json\/wp\/v2\/taxonomies\/post_tag"}],"wp:post_type":[{"href":"https:\/\/www.iceagetv.com\/radiosite\/wp-json\/wp\/v2\/posts?tags=1098"}],"curies":[{"name":"wp","href":"https:\/\/api.w.org\/{rel}","templated":true}]}}