{"id":1296,"count":1,"description":"","link":"https:\/\/www.iceagetv.com\/radiosite\/tag\/itele-fete-ses-17-ans-en-reconduisant-la-greve\/","name":"IT\u00c9L\u00c9 F\u00caTE SES 17 ANS EN RECONDUISANT LA GR\u00c8VE","slug":"itele-fete-ses-17-ans-en-reconduisant-la-greve","taxonomy":"post_tag","meta":[],"_links":{"self":[{"href":"https:\/\/www.iceagetv.com\/radiosite\/wp-json\/wp\/v2\/tags\/1296","targetHints":{"allow":["GET"]}}],"collection":[{"href":"https:\/\/www.iceagetv.com\/radiosite\/wp-json\/wp\/v2\/tags"}],"about":[{"href":"https:\/\/www.iceagetv.com\/radiosite\/wp-json\/wp\/v2\/taxonomies\/post_tag"}],"wp:post_type":[{"href":"https:\/\/www.iceagetv.com\/radiosite\/wp-json\/wp\/v2\/posts?tags=1296"}],"curies":[{"name":"wp","href":"https:\/\/api.w.org\/{rel}","templated":true}]}}