{"id":2357,"count":1,"description":"","link":"https:\/\/www.iceagetv.com\/radiosite\/tag\/les-pirates-des-caraibes-a-labordage-du-grand-bal-masque-de-versailles\/","name":"Les Pirates des Cara\u00efbes \u00e0 l'abordage du grand bal masqu\u00e9 de Versailles","slug":"les-pirates-des-caraibes-a-labordage-du-grand-bal-masque-de-versailles","taxonomy":"post_tag","meta":[],"_links":{"self":[{"href":"https:\/\/www.iceagetv.com\/radiosite\/wp-json\/wp\/v2\/tags\/2357","targetHints":{"allow":["GET"]}}],"collection":[{"href":"https:\/\/www.iceagetv.com\/radiosite\/wp-json\/wp\/v2\/tags"}],"about":[{"href":"https:\/\/www.iceagetv.com\/radiosite\/wp-json\/wp\/v2\/taxonomies\/post_tag"}],"wp:post_type":[{"href":"https:\/\/www.iceagetv.com\/radiosite\/wp-json\/wp\/v2\/posts?tags=2357"}],"curies":[{"name":"wp","href":"https:\/\/api.w.org\/{rel}","templated":true}]}}