{"id":2449,"count":1,"description":"","link":"https:\/\/www.iceagetv.com\/radiosite\/tag\/les-deux-detenus-qui-se-sont-evades-de-la-prison-de-colmar\/","name":"Les deux d\u00e9tenus qui se sont \u00e9vad\u00e9s de la prison de Colmar","slug":"les-deux-detenus-qui-se-sont-evades-de-la-prison-de-colmar","taxonomy":"post_tag","meta":[],"_links":{"self":[{"href":"https:\/\/www.iceagetv.com\/radiosite\/wp-json\/wp\/v2\/tags\/2449","targetHints":{"allow":["GET"]}}],"collection":[{"href":"https:\/\/www.iceagetv.com\/radiosite\/wp-json\/wp\/v2\/tags"}],"about":[{"href":"https:\/\/www.iceagetv.com\/radiosite\/wp-json\/wp\/v2\/taxonomies\/post_tag"}],"wp:post_type":[{"href":"https:\/\/www.iceagetv.com\/radiosite\/wp-json\/wp\/v2\/posts?tags=2449"}],"curies":[{"name":"wp","href":"https:\/\/api.w.org\/{rel}","templated":true}]}}