{"id":2523,"count":1,"description":"","link":"https:\/\/www.iceagetv.com\/radiosite\/tag\/colere-et-emotion-au-bresil-apres-lincendie-du-musee-emblematique-de-rio\/","name":"Col\u00e8re et \u00e9motion au Br\u00e9sil apr\u00e8s l'incendie du mus\u00e9e embl\u00e9matique de Rio","slug":"colere-et-emotion-au-bresil-apres-lincendie-du-musee-emblematique-de-rio","taxonomy":"post_tag","meta":[],"_links":{"self":[{"href":"https:\/\/www.iceagetv.com\/radiosite\/wp-json\/wp\/v2\/tags\/2523","targetHints":{"allow":["GET"]}}],"collection":[{"href":"https:\/\/www.iceagetv.com\/radiosite\/wp-json\/wp\/v2\/tags"}],"about":[{"href":"https:\/\/www.iceagetv.com\/radiosite\/wp-json\/wp\/v2\/taxonomies\/post_tag"}],"wp:post_type":[{"href":"https:\/\/www.iceagetv.com\/radiosite\/wp-json\/wp\/v2\/posts?tags=2523"}],"curies":[{"name":"wp","href":"https:\/\/api.w.org\/{rel}","templated":true}]}}