{"id":2815,"count":1,"description":"","link":"https:\/\/www.iceagetv.com\/radiosite\/tag\/les-autorites-catalanes-reconfinent-pour-la-troisieme-fois-la-zone-situee-autour-de-la-ville-de-lerida\/","name":"Les autorit\u00e9s catalanes reconfinent pour la troisi\u00e8me fois la zone situ\u00e9e autour de la ville de L\u00e9rida","slug":"les-autorites-catalanes-reconfinent-pour-la-troisieme-fois-la-zone-situee-autour-de-la-ville-de-lerida","taxonomy":"post_tag","meta":[],"_links":{"self":[{"href":"https:\/\/www.iceagetv.com\/radiosite\/wp-json\/wp\/v2\/tags\/2815","targetHints":{"allow":["GET"]}}],"collection":[{"href":"https:\/\/www.iceagetv.com\/radiosite\/wp-json\/wp\/v2\/tags"}],"about":[{"href":"https:\/\/www.iceagetv.com\/radiosite\/wp-json\/wp\/v2\/taxonomies\/post_tag"}],"wp:post_type":[{"href":"https:\/\/www.iceagetv.com\/radiosite\/wp-json\/wp\/v2\/posts?tags=2815"}],"curies":[{"name":"wp","href":"https:\/\/api.w.org\/{rel}","templated":true}]}}