{"id":2919,"count":1,"description":"","link":"https:\/\/www.iceagetv.com\/radiosite\/tag\/le-depart-de-thomas-pesquet-est-retarde-de-24h-a-cause-de-la-meteo\/","name":"Le d\u00e9part de Thomas Pesquet est retard\u00e9 de 24h \u00e0 cause de la m\u00e9t\u00e9o","slug":"le-depart-de-thomas-pesquet-est-retarde-de-24h-a-cause-de-la-meteo","taxonomy":"post_tag","meta":[],"_links":{"self":[{"href":"https:\/\/www.iceagetv.com\/radiosite\/wp-json\/wp\/v2\/tags\/2919","targetHints":{"allow":["GET"]}}],"collection":[{"href":"https:\/\/www.iceagetv.com\/radiosite\/wp-json\/wp\/v2\/tags"}],"about":[{"href":"https:\/\/www.iceagetv.com\/radiosite\/wp-json\/wp\/v2\/taxonomies\/post_tag"}],"wp:post_type":[{"href":"https:\/\/www.iceagetv.com\/radiosite\/wp-json\/wp\/v2\/posts?tags=2919"}],"curies":[{"name":"wp","href":"https:\/\/api.w.org\/{rel}","templated":true}]}}