{"id":2989,"count":1,"description":"","link":"https:\/\/www.iceagetv.com\/radiosite\/tag\/les-personnes-non-vaccinees-contre-le-covid-19-confinees-a-partir-de-lundi\/","name":"les personnes non vaccin\u00e9es contre le Covid-19 confin\u00e9es \u00e0 partir de lundi","slug":"les-personnes-non-vaccinees-contre-le-covid-19-confinees-a-partir-de-lundi","taxonomy":"post_tag","meta":[],"_links":{"self":[{"href":"https:\/\/www.iceagetv.com\/radiosite\/wp-json\/wp\/v2\/tags\/2989","targetHints":{"allow":["GET"]}}],"collection":[{"href":"https:\/\/www.iceagetv.com\/radiosite\/wp-json\/wp\/v2\/tags"}],"about":[{"href":"https:\/\/www.iceagetv.com\/radiosite\/wp-json\/wp\/v2\/taxonomies\/post_tag"}],"wp:post_type":[{"href":"https:\/\/www.iceagetv.com\/radiosite\/wp-json\/wp\/v2\/posts?tags=2989"}],"curies":[{"name":"wp","href":"https:\/\/api.w.org\/{rel}","templated":true}]}}